{"id":8520,"date":"2022-02-28T20:55:45","date_gmt":"2022-02-28T19:55:45","guid":{"rendered":"https:\/\/shopcanarias.es\/?p=8520"},"modified":"2022-04-12T19:19:47","modified_gmt":"2022-04-12T18:19:47","slug":"como-hacer-un-huerto-ecologico-en-el-campo","status":"publish","type":"post","link":"https:\/\/shopcanarias.es\/index.php\/2022\/02\/28\/como-hacer-un-huerto-ecologico-en-el-campo\/","title":{"rendered":"C\u00f3mo hacer un huerto ecol\u00f3gico en el campo"},"content":{"rendered":"\n<figure class=\"wp-block-image size-large is-style-rounded\"><img data-recalc-dims=\"1\" loading=\"lazy\" decoding=\"async\" width=\"525\" height=\"295\" sizes=\"auto, (max-width: 767px) 89vw, (max-width: 1000px) 54vw, (max-width: 1071px) 543px, 580px\" src=\"https:\/\/i0.wp.com\/shopcanarias.es\/wp-content\/uploads\/2022\/02\/girasol-con-abeja-y-huerto-ecologico-de-fondo.jpg?resize=525%2C295&#038;ssl=1\" alt=\"Girasol con abeja y el huerto ecol\u00f3gico al fondo\" class=\"wp-image-8595\" srcset=\"https:\/\/i0.wp.com\/shopcanarias.es\/wp-content\/uploads\/2022\/02\/girasol-con-abeja-y-huerto-ecologico-de-fondo-scaled.jpg?resize=1024%2C576&amp;ssl=1 1024w, https:\/\/i0.wp.com\/shopcanarias.es\/wp-content\/uploads\/2022\/02\/girasol-con-abeja-y-huerto-ecologico-de-fondo-scaled.jpg?resize=300%2C169&amp;ssl=1 300w, https:\/\/i0.wp.com\/shopcanarias.es\/wp-content\/uploads\/2022\/02\/girasol-con-abeja-y-huerto-ecologico-de-fondo-scaled.jpg?resize=768%2C432&amp;ssl=1 768w, https:\/\/i0.wp.com\/shopcanarias.es\/wp-content\/uploads\/2022\/02\/girasol-con-abeja-y-huerto-ecologico-de-fondo-scaled.jpg?resize=1536%2C864&amp;ssl=1 1536w, https:\/\/i0.wp.com\/shopcanarias.es\/wp-content\/uploads\/2022\/02\/girasol-con-abeja-y-huerto-ecologico-de-fondo-scaled.jpg?resize=2048%2C1152&amp;ssl=1 2048w, https:\/\/i0.wp.com\/shopcanarias.es\/wp-content\/uploads\/2022\/02\/girasol-con-abeja-y-huerto-ecologico-de-fondo-scaled.jpg?resize=350%2C197&amp;ssl=1 350w\" \/><figcaption>Girasol con abeja y el huerto ecol\u00f3gico al fondo<\/figcaption><\/figure>\n\n\n\n<div id=\"ez-toc-container\" class=\"ez-toc-v2_0_82_2 counter-hierarchy ez-toc-counter ez-toc-custom ez-toc-container-direction\">\n<div class=\"ez-toc-title-container\"><p class=\"ez-toc-title\" style=\"cursor:inherit\">\u00cdndice<\/p>\n<\/div><nav><ul class='ez-toc-list ez-toc-list-level-1 ' ><li class='ez-toc-page-1 ez-toc-heading-level-2'><a class=\"ez-toc-link ez-toc-heading-1\" href=\"https:\/\/shopcanarias.es\/index.php\/2022\/02\/28\/como-hacer-un-huerto-ecologico-en-el-campo\/#%C2%BFPor-que-cultivar-un-huerto-ecologico\" >\u00bfPor qu\u00e9 cultivar un huerto ecol\u00f3gico?<\/a><\/li><li class='ez-toc-page-1 ez-toc-heading-level-2'><a class=\"ez-toc-link ez-toc-heading-2\" href=\"https:\/\/shopcanarias.es\/index.php\/2022\/02\/28\/como-hacer-un-huerto-ecologico-en-el-campo\/#Busqueda-de-un-huerto-ecologico\" >B\u00fasqueda de un huerto ecol\u00f3gico<\/a><\/li><li class='ez-toc-page-1 ez-toc-heading-level-2'><a class=\"ez-toc-link ez-toc-heading-3\" href=\"https:\/\/shopcanarias.es\/index.php\/2022\/02\/28\/como-hacer-un-huerto-ecologico-en-el-campo\/#Diseno-del-huerto-ecologico\" >Dise\u00f1o del huerto ecol\u00f3gico<\/a><\/li><li class='ez-toc-page-1 ez-toc-heading-level-2'><a class=\"ez-toc-link ez-toc-heading-4\" href=\"https:\/\/shopcanarias.es\/index.php\/2022\/02\/28\/como-hacer-un-huerto-ecologico-en-el-campo\/#Cuanto-tiempo-invertir-en-el-huerto-ecologico\" >Cu\u00e1nto tiempo invertir en el huerto ecol\u00f3gico<\/a><\/li><li class='ez-toc-page-1 ez-toc-heading-level-2'><a class=\"ez-toc-link ez-toc-heading-5\" href=\"https:\/\/shopcanarias.es\/index.php\/2022\/02\/28\/como-hacer-un-huerto-ecologico-en-el-campo\/#Cuando-sembrar-en-el-huerto-ecologico\" >Cu\u00e1ndo sembrar en el huerto ecol\u00f3gico<\/a><\/li><li class='ez-toc-page-1 ez-toc-heading-level-2'><a class=\"ez-toc-link ez-toc-heading-6\" href=\"https:\/\/shopcanarias.es\/index.php\/2022\/02\/28\/como-hacer-un-huerto-ecologico-en-el-campo\/#Tiempos-de-recoleccion\" >Tiempos de recolecci\u00f3n<\/a><\/li><li class='ez-toc-page-1 ez-toc-heading-level-2'><a class=\"ez-toc-link ez-toc-heading-7\" href=\"https:\/\/shopcanarias.es\/index.php\/2022\/02\/28\/como-hacer-un-huerto-ecologico-en-el-campo\/#Como-saber-cuando-recolectar-en-el-huerto-ecologico\" >C\u00f3mo saber cu\u00e1ndo recolectar en el huerto ecol\u00f3gico<\/a><\/li><li class='ez-toc-page-1 ez-toc-heading-level-2'><a class=\"ez-toc-link ez-toc-heading-8\" href=\"https:\/\/shopcanarias.es\/index.php\/2022\/02\/28\/como-hacer-un-huerto-ecologico-en-el-campo\/#Resultado-de-las-recolectas\" >Resultado de las recolectas<\/a><ul class='ez-toc-list-level-3' ><li class='ez-toc-heading-level-3'><a class=\"ez-toc-link ez-toc-heading-9\" href=\"https:\/\/shopcanarias.es\/index.php\/2022\/02\/28\/como-hacer-un-huerto-ecologico-en-el-campo\/#Resultado-de-la-primera-recolecta\" >Resultado de la primera recolecta<\/a><\/li><li class='ez-toc-page-1 ez-toc-heading-level-3'><a class=\"ez-toc-link ez-toc-heading-10\" href=\"https:\/\/shopcanarias.es\/index.php\/2022\/02\/28\/como-hacer-un-huerto-ecologico-en-el-campo\/#Resultado-de-la-segunda-recolecta\" >Resultado de la segunda recolecta<\/a><\/li><\/ul><\/li><li class='ez-toc-page-1 ez-toc-heading-level-2'><a class=\"ez-toc-link ez-toc-heading-11\" href=\"https:\/\/shopcanarias.es\/index.php\/2022\/02\/28\/como-hacer-un-huerto-ecologico-en-el-campo\/#Dinero-invertido-en-el-huerto-ecologico\" >Dinero invertido en el huerto ecol\u00f3gico<\/a><\/li><li class='ez-toc-page-1 ez-toc-heading-level-2'><a class=\"ez-toc-link ez-toc-heading-12\" href=\"https:\/\/shopcanarias.es\/index.php\/2022\/02\/28\/como-hacer-un-huerto-ecologico-en-el-campo\/#Consejos-y-trucos-para-el-huerto-ecologico\" >Consejos y trucos para el huerto ecol\u00f3gico<\/a><ul class='ez-toc-list-level-3' ><li class='ez-toc-heading-level-3'><a class=\"ez-toc-link ez-toc-heading-13\" href=\"https:\/\/shopcanarias.es\/index.php\/2022\/02\/28\/como-hacer-un-huerto-ecologico-en-el-campo\/#Para-abonar\" >Para abonar<\/a><\/li><li class='ez-toc-page-1 ez-toc-heading-level-3'><a class=\"ez-toc-link ez-toc-heading-14\" href=\"https:\/\/shopcanarias.es\/index.php\/2022\/02\/28\/como-hacer-un-huerto-ecologico-en-el-campo\/#Simbiosis-de-verduras-y-flores-para-proteger-y-polinizar\" >Simbiosis de verduras y flores para proteger y polinizar<\/a><\/li><li class='ez-toc-page-1 ez-toc-heading-level-3'><a class=\"ez-toc-link ez-toc-heading-15\" href=\"https:\/\/shopcanarias.es\/index.php\/2022\/02\/28\/como-hacer-un-huerto-ecologico-en-el-campo\/#Como-regar-el-huerto-y-mantener-la-tierra-humeda\" >C\u00f3mo regar el huerto y mantener la tierra h\u00fameda<\/a><\/li><li class='ez-toc-page-1 ez-toc-heading-level-3'><a class=\"ez-toc-link ez-toc-heading-16\" href=\"https:\/\/shopcanarias.es\/index.php\/2022\/02\/28\/como-hacer-un-huerto-ecologico-en-el-campo\/#Etiqueta-donde-vas-a-sembrar-cada-verdura\" >Etiqueta d\u00f3nde vas a sembrar cada verdura<\/a><\/li><li class='ez-toc-page-1 ez-toc-heading-level-3'><a class=\"ez-toc-link ez-toc-heading-17\" href=\"https:\/\/shopcanarias.es\/index.php\/2022\/02\/28\/como-hacer-un-huerto-ecologico-en-el-campo\/#Quita-las-malas-hierbas-de-raiz\" >Quita las malas hierbas de ra\u00edz<\/a><\/li><li class='ez-toc-page-1 ez-toc-heading-level-3'><a class=\"ez-toc-link ez-toc-heading-18\" href=\"https:\/\/shopcanarias.es\/index.php\/2022\/02\/28\/como-hacer-un-huerto-ecologico-en-el-campo\/#Asegura-la-separacion-entre-plantas-al-sembrar\" >Asegura la separaci\u00f3n entre plantas al sembrar<\/a><\/li><li class='ez-toc-page-1 ez-toc-heading-level-3'><a class=\"ez-toc-link ez-toc-heading-19\" href=\"https:\/\/shopcanarias.es\/index.php\/2022\/02\/28\/como-hacer-un-huerto-ecologico-en-el-campo\/#Investiga-las-plantas-antes-de-eliminarlas\" >Investiga las plantas antes de eliminarlas<\/a><\/li><li class='ez-toc-page-1 ez-toc-heading-level-3'><a class=\"ez-toc-link ez-toc-heading-20\" href=\"https:\/\/shopcanarias.es\/index.php\/2022\/02\/28\/como-hacer-un-huerto-ecologico-en-el-campo\/#Consejo-de-zanahorias\" >Consejo de zanahorias<\/a><\/li><li class='ez-toc-page-1 ez-toc-heading-level-3'><a class=\"ez-toc-link ez-toc-heading-21\" href=\"https:\/\/shopcanarias.es\/index.php\/2022\/02\/28\/como-hacer-un-huerto-ecologico-en-el-campo\/#Consejo-de-coles\" >Consejo de coles<\/a><\/li><li class='ez-toc-page-1 ez-toc-heading-level-3'><a class=\"ez-toc-link ez-toc-heading-22\" href=\"https:\/\/shopcanarias.es\/index.php\/2022\/02\/28\/como-hacer-un-huerto-ecologico-en-el-campo\/#Otros-consejos-utiles\" >Otros consejos \u00fatiles<\/a><\/li><li class='ez-toc-page-1 ez-toc-heading-level-3'><a class=\"ez-toc-link ez-toc-heading-23\" href=\"https:\/\/shopcanarias.es\/index.php\/2022\/02\/28\/como-hacer-un-huerto-ecologico-en-el-campo\/#Reflexionando-acerca-de-bancales-y-regadio\" >Reflexionando acerca de bancales y regad\u00edo<\/a><\/li><li class='ez-toc-page-1 ez-toc-heading-level-3'><a class=\"ez-toc-link ez-toc-heading-24\" href=\"https:\/\/shopcanarias.es\/index.php\/2022\/02\/28\/como-hacer-un-huerto-ecologico-en-el-campo\/#Fuentes-de-informacion-oficiales-para-el-huerto-ecologico\" >Fuentes de informaci\u00f3n oficiales para el huerto ecol\u00f3gico<\/a><\/li><\/ul><\/li><li class='ez-toc-page-1 ez-toc-heading-level-2'><a class=\"ez-toc-link ez-toc-heading-25\" href=\"https:\/\/shopcanarias.es\/index.php\/2022\/02\/28\/como-hacer-un-huerto-ecologico-en-el-campo\/#Conclusiones\" >Conclusiones<\/a><\/li><\/ul><\/nav><\/div>\n<h2 class=\"wp-block-heading\" id=\"por-que-cultivar-un-huerto-ecologico\"><span class=\"ez-toc-section\" id=\"%C2%BFPor-que-cultivar-un-huerto-ecologico\"><\/span>\u00bfPor qu\u00e9 cultivar un huerto ecol\u00f3gico?<span class=\"ez-toc-section-end\"><\/span><\/h2>\n\n\n\n<p>Despu\u00e9s de haber hecho un huerto ecol\u00f3gico en casa, lo que llaman huerto urbano, y que a\u00fan mantenemos despu\u00e9s de muchos a\u00f1os, decidimos dar el siguiente paso, que era cultivar un huerto ecol\u00f3gico en el campo, en el que llevamos ya cinco meses. <\/p>\n\n\n\n<p>Ten\u00edamos la duda de si crecer\u00edan mejor y de forma continua, las verduras que sal\u00edan s\u00f3lo una vez en nuestro huerto urbano tales y como; las habichuelas, el pepino, el calabac\u00edn, los r\u00e1banos, etc. En definitiva ten\u00edamos ganas de experimentar y de aprender sobre agricultura ecol\u00f3gica.<\/p>\n\n\n\n<p>Actualmente mantenemos en el huerto urbano; pimientos, tomates, fresas, chayote, apio, albahaca, menta, salvia, hierba huerto, perejil, poleo, boldo y cilantro.<strong> Al final <\/strong>a\u00f1ado <strong><em>enlace <\/em><\/strong>a un art\u00edculo de c\u00f3mo plantar un <strong><em>huerto urbano<\/em><\/strong>.<\/p>\n\n\n\n<p>Aparte, tenemos unos frutales en casa para que vayan creciendo y pasando los a\u00f1os antes de trasplantar a un huerto ecol\u00f3gico para que den frutos; manzano, naranjo, parchita, y mango. Los tres primeros los compramos ya con frutos peque\u00f1os, y el mango lo germinamos de una semilla de mango ecol\u00f3gico que nos comimos.<\/p>\n\n\n\n<p>Supon\u00edamos que la tierra de verdad, en sustituci\u00f3n de los substratos y otras mezclas del huerto urbano, tendr\u00eda m\u00e1s nutrientes. Tambi\u00e9n entend\u00edamos que al tener m\u00e1s tierra que la que cabe en un huerto urbano, las ra\u00edces har\u00edan crecer m\u00e1s a la planta y a su fruto. Adem\u00e1s, en el campo, el huerto recibe todas las horas de sol del d\u00eda, que no es el caso donde vivimos, especialmente en invierno. Y por \u00faltimo, quer\u00edamos plantar todas las verduras y frutas de temporada, para reemplazar la recolecta en el huerto, por la compra semanal en la tienda de frutas y verduras ecol\u00f3gicas.<\/p>\n\n\n\n<p>A la vez, pensamos c\u00f3mo hacer un huerto ecol\u00f3gico implicando al ni\u00f1o, para seguir educ\u00e1ndole en h\u00e1bitos saludables y alimenticios, y para motivarle a que comiera m\u00e1s verduras, ya que si \u00e9l mismo plantaba las verduras, las regaba, y las recolectaba, entonces querr\u00eda com\u00e9rselas. Incluso, us\u00f3 guantes y herramientas de jard\u00edn infantiles; carretilla, rastrillo, pala, etc., pero debo decir que come las mismas verduras que antes, crudas o cocinadas. Despu\u00e9s de la novedad de los primeros d\u00edas, se aburre y se pone a cavar o a podar aquello que ve seco.<\/p>\n\n\n\n<p>As\u00ed que a continuaci\u00f3n les contamos nuestra experiencia de c\u00f3mo hacer un huerto ecol\u00f3gico en el campo; desde la fase de b\u00fasqueda, hasta la fase de recolecta. <\/p>\n\n\n\n<figure class=\"wp-block-image size-large is-style-rounded\"><img data-recalc-dims=\"1\" loading=\"lazy\" decoding=\"async\" width=\"525\" height=\"295\" sizes=\"auto, (max-width: 767px) 89vw, (max-width: 1000px) 54vw, (max-width: 1071px) 543px, 580px\" src=\"https:\/\/i0.wp.com\/shopcanarias.es\/wp-content\/uploads\/2022\/03\/El-huerto-ecologico-el-21-de-enero-1.jpg?resize=525%2C295&#038;ssl=1\" alt=\"El huerto ecol\u00f3gico el 21 de enero\" class=\"wp-image-8989\" srcset=\"https:\/\/i0.wp.com\/shopcanarias.es\/wp-content\/uploads\/2022\/03\/El-huerto-ecologico-el-21-de-enero-1-scaled.jpg?resize=1024%2C576&amp;ssl=1 1024w, https:\/\/i0.wp.com\/shopcanarias.es\/wp-content\/uploads\/2022\/03\/El-huerto-ecologico-el-21-de-enero-1-scaled.jpg?resize=300%2C169&amp;ssl=1 300w, https:\/\/i0.wp.com\/shopcanarias.es\/wp-content\/uploads\/2022\/03\/El-huerto-ecologico-el-21-de-enero-1-scaled.jpg?resize=768%2C432&amp;ssl=1 768w, https:\/\/i0.wp.com\/shopcanarias.es\/wp-content\/uploads\/2022\/03\/El-huerto-ecologico-el-21-de-enero-1-scaled.jpg?resize=1536%2C864&amp;ssl=1 1536w, https:\/\/i0.wp.com\/shopcanarias.es\/wp-content\/uploads\/2022\/03\/El-huerto-ecologico-el-21-de-enero-1-scaled.jpg?resize=2048%2C1152&amp;ssl=1 2048w, https:\/\/i0.wp.com\/shopcanarias.es\/wp-content\/uploads\/2022\/03\/El-huerto-ecologico-el-21-de-enero-1-scaled.jpg?resize=350%2C197&amp;ssl=1 350w\" \/><figcaption>El huerto ecol\u00f3gico el 21 de enero<\/figcaption><\/figure>\n\n\n\n<h2 class=\"wp-block-heading\"><span class=\"ez-toc-section\" id=\"Busqueda-de-un-huerto-ecologico\"><\/span>B\u00fasqueda de un huerto ecol\u00f3gico<span class=\"ez-toc-section-end\"><\/span><\/h2>\n\n\n\n<p>Nos pusimos a buscar por internet, priorizando los terrenos m\u00e1s cercanos a nuestra casa, para contaminar lo menos posible con nuestros trayectos. <\/p>\n\n\n\n<p>Los precios de venta de las fincas r\u00fasticas en nuestra zona son o muy elevados, con desequilibrios en la relaci\u00f3n euros \/ metros cuadrados, o pertenecientes a terrenos demasiado grandes para la explotaci\u00f3n comercial. Al margen de esto, hay que a\u00f1adir el gasto en algunos casos, de vallar la finca, invertir en infraestructura para llevar agua al huerto (algunas fincas r\u00fasticas son de secano), etc. Finalmente es muy dif\u00edcil averiguar si los vecinos cultivan de forma ecol\u00f3gica, porque por ejemplo si un vecino sulfata su finca, esparce el sulfato a un kil\u00f3metro alrededor de su per\u00edmetro.<\/p>\n\n\n\n<p>Como busc\u00e1bamos un huerto para abastecer a una familia, pasamos a buscar por internet huertos ecol\u00f3gicos para alquilar. Necesit\u00e1bamos que tuviera acceso al agua, que estuviera vallado, que los vecinos cultivaran de manera ecol\u00f3gica, que tuviera herramientas de mano disponibles, que estuviera lo m\u00e1s lejos posible de la carretera, que nos pillara de camino a casa o al colegio, e idealmente que fuera un terreno llano (en Canarias son comunes los huertos en bancales en las laderas).<\/p>\n\n\n\n<p>No lo llegamos a encontrar por internet en nuestra zona con las condiciones que quer\u00edamos. Despu\u00e9s de un a\u00f1o aproximadamente, un padre del colegio de nuestro hijo nos puso en contacto con una persona que alquilaba huertos ecol\u00f3gicos con los requisitos que necesit\u00e1bamos.<\/p>\n\n\n\n<p>Lo fuimos a ver de camino a casa y nos encant\u00f3. Una parcela de 75 metros cuadrados aproximadamente, con cuatro vecinos de huerto ecol\u00f3gicos, vallado, con terreno llano, con acceso al agua, con herramientas de mano, a unos 500 metros de una carretera comarcal, y dentro de un camino privado. <\/p>\n\n\n\n<h2 class=\"wp-block-heading\" id=\"diseno-del-huerto-ecologico\"><span class=\"ez-toc-section\" id=\"Diseno-del-huerto-ecologico\"><\/span>Dise\u00f1o del huerto ecol\u00f3gico<span class=\"ez-toc-section-end\"><\/span><\/h2>\n\n\n\n<p>El dise\u00f1o del huerto ecol\u00f3gico ya estaba definido, con varios bancales elevados sujetos con losetas de cer\u00e1mica, y otros a ras de suelo con separaciones de madera. La configuraci\u00f3n es irregular, y desaprovecha un poco el espacio para cultivar. Tiene una zona para que las plantas reciban menos horas de sol, y est\u00e9n m\u00e1s protegidas del viento, y otra al rev\u00e9s. <\/p>\n\n\n\n<p>Abajo muestro un peque\u00f1o v\u00eddeo del huerto reci\u00e9n cultivado, a\u00fan sin cubrir de paja, y etiquetado con las semillas ecol\u00f3gicas que plantamos.<\/p>\n\n\n\n<figure class=\"wp-block-video\"><video height=\"1080\" style=\"aspect-ratio: 1920 \/ 1080;\" width=\"1920\" controls src=\"https:\/\/shopcanarias.es\/wp-content\/uploads\/2022\/03\/Huerto-recien-cultivado-de-semillas-ecologicas-el-5-de-octubre-de-2021.mp4\"><\/video><figcaption>Huerto ecol\u00f3gico reci\u00e9n cultivado<\/figcaption><\/figure>\n\n\n\n<p>Lo que mejorar\u00eda, si encontrara un huerto ecol\u00f3gico sin dise\u00f1ar, es hacer el menor n\u00famero posible de calles para transitar con un ancho suficiente para ponerse de rodillas sin pisar lo que est\u00e9 cultivado, hacer coincidir la orientaci\u00f3n de las calles al punto de acceso al agua (si no instalamos regad\u00edo), y hacer doce bancales o parcelas rectangulares y alargadas, de no m\u00e1s de un metro de ancho, con los objetivos de; aprovechar al m\u00e1ximo el espacio disponible, de que sea pr\u00e1ctico para regar y quitar malas hierbas, y con el fin de recolectar de manera mensual. <\/p>\n\n\n\n<p>Esto es, en vez de tener un bancal por ejemplo s\u00f3lo con pepinos, la idea es tener un bancal con las verduras y arom\u00e1ticas de temporada que vaya a recolectar cada mes. De esta manera, voy sembrando mensualmente en un bancal o parcela diferente, y aunque el tiempo de recolecci\u00f3n es distinto entre verduras, todos los meses recolecto el mismo tipo de verdura, pero de un bancal o parcela diferente. Claro est\u00e1 que esto no lo puedo hacer con las verduras que trepan como la calabaza o el pepino.<\/p>\n\n\n\n<figure class=\"wp-block-gallery has-nested-images columns-default is-cropped wp-block-gallery-1 is-layout-flex wp-block-gallery-is-layout-flex\">\n<figure class=\"wp-block-image size-medium is-style-default\"><img data-recalc-dims=\"1\" loading=\"lazy\" decoding=\"async\" width=\"300\" height=\"169\" sizes=\"auto, (max-width: 767px) 89vw, (max-width: 1000px) 54vw, (max-width: 1071px) 543px, 580px\" data-id=\"8933\" src=\"https:\/\/i0.wp.com\/shopcanarias.es\/wp-content\/uploads\/2022\/03\/pepinos-del-huerto-ecologico-300x169.jpg?resize=300%2C169&#038;ssl=1\" alt=\"Pepinos del huerto ecol\u00f3gico\" class=\"wp-image-8933\" srcset=\"https:\/\/i0.wp.com\/shopcanarias.es\/wp-content\/uploads\/2022\/03\/pepinos-del-huerto-ecologico-scaled.jpg?resize=300%2C169&amp;ssl=1 300w, https:\/\/i0.wp.com\/shopcanarias.es\/wp-content\/uploads\/2022\/03\/pepinos-del-huerto-ecologico-scaled.jpg?resize=1024%2C576&amp;ssl=1 1024w, https:\/\/i0.wp.com\/shopcanarias.es\/wp-content\/uploads\/2022\/03\/pepinos-del-huerto-ecologico-scaled.jpg?resize=768%2C432&amp;ssl=1 768w, https:\/\/i0.wp.com\/shopcanarias.es\/wp-content\/uploads\/2022\/03\/pepinos-del-huerto-ecologico-scaled.jpg?resize=1536%2C864&amp;ssl=1 1536w, https:\/\/i0.wp.com\/shopcanarias.es\/wp-content\/uploads\/2022\/03\/pepinos-del-huerto-ecologico-scaled.jpg?resize=2048%2C1152&amp;ssl=1 2048w, https:\/\/i0.wp.com\/shopcanarias.es\/wp-content\/uploads\/2022\/03\/pepinos-del-huerto-ecologico-scaled.jpg?resize=350%2C197&amp;ssl=1 350w\" \/><figcaption> Pepinos<\/figcaption><\/figure>\n\n\n\n<figure class=\"wp-block-image size-medium\"><img data-recalc-dims=\"1\" loading=\"lazy\" decoding=\"async\" width=\"525\" height=\"295\" sizes=\"auto, (max-width: 767px) 89vw, (max-width: 1000px) 54vw, (max-width: 1071px) 543px, 580px\" data-id=\"8903\" src=\"https:\/\/i0.wp.com\/shopcanarias.es\/wp-content\/uploads\/2022\/03\/calabazas-del-huerto-ecologico-scaled.jpg?resize=525%2C295&#038;ssl=1\" alt=\"Calabazas del huerto ecol\u00f3gico\" class=\"wp-image-8903\" srcset=\"https:\/\/i0.wp.com\/shopcanarias.es\/wp-content\/uploads\/2022\/03\/calabazas-del-huerto-ecologico-scaled.jpg?w=2560&amp;ssl=1 2560w, https:\/\/i0.wp.com\/shopcanarias.es\/wp-content\/uploads\/2022\/03\/calabazas-del-huerto-ecologico-scaled.jpg?resize=300%2C169&amp;ssl=1 300w, https:\/\/i0.wp.com\/shopcanarias.es\/wp-content\/uploads\/2022\/03\/calabazas-del-huerto-ecologico-scaled.jpg?resize=1024%2C576&amp;ssl=1 1024w, https:\/\/i0.wp.com\/shopcanarias.es\/wp-content\/uploads\/2022\/03\/calabazas-del-huerto-ecologico-scaled.jpg?resize=768%2C432&amp;ssl=1 768w, https:\/\/i0.wp.com\/shopcanarias.es\/wp-content\/uploads\/2022\/03\/calabazas-del-huerto-ecologico-scaled.jpg?resize=1536%2C864&amp;ssl=1 1536w, https:\/\/i0.wp.com\/shopcanarias.es\/wp-content\/uploads\/2022\/03\/calabazas-del-huerto-ecologico-scaled.jpg?resize=2048%2C1152&amp;ssl=1 2048w, https:\/\/i0.wp.com\/shopcanarias.es\/wp-content\/uploads\/2022\/03\/calabazas-del-huerto-ecologico-scaled.jpg?resize=350%2C197&amp;ssl=1 350w\" \/><figcaption> Calabazas<\/figcaption><\/figure>\n<\/figure>\n\n\n\n<p>Dejamos un lateral del huerto para hacer un peque\u00f1o valle transversal donde poner las malas hierbas, y el resto de deshechos naturales del huerto, para que se vayan secando y descomponiendo. <\/p>\n\n\n\n<p>En lo que respecta a d\u00f3nde plantamos las verduras, adjunto dos planos, con distribuci\u00f3n aproximada. El primero cuando plantamos las semillas ecol\u00f3gicas que encontramos en los viveros, el segundo cuando plantamos las papas  o patatas de semilla, y cuando sembramos las pl\u00e1ntulas (plantas que ya empezaron a crecer y que tienen sus primeras hojas).<\/p>\n\n\n\n<p>Lo hicimos pensando en el tipo de planta, el tama\u00f1o del bancal o parcela, y en la combinaci\u00f3n de plantas y flores con las que conviven mejor, aunque el resultado en todos los casos no fue tan acertado.<\/p>\n\n\n\n<p>Abajo muestro el plano de la primera siembra con las semillas ecol\u00f3gicas que encontramos, excepto el pimiento y la fresa que las llevamos desde el huerto urbano de casa al huerto en el campo para trasplantarlas, y excepto las semillas de chayota y luffa cuyas semillas germinamos en casa.<\/p>\n\n\n\n<figure class=\"wp-block-image size-full\"><img data-recalc-dims=\"1\" loading=\"lazy\" decoding=\"async\" width=\"525\" height=\"272\" sizes=\"auto, (max-width: 767px) 89vw, (max-width: 1000px) 54vw, (max-width: 1071px) 543px, 580px\" src=\"https:\/\/i0.wp.com\/shopcanarias.es\/wp-content\/uploads\/2022\/02\/plano-primera-siembra-e1645710778677.png?resize=525%2C272&#038;ssl=1\" alt=\"Plano de la primera siembra con semillas ecol\u00f3gicas\" class=\"wp-image-8564\" srcset=\"https:\/\/i0.wp.com\/shopcanarias.es\/wp-content\/uploads\/2022\/02\/plano-primera-siembra-e1645710778677.png?w=750&amp;ssl=1 750w, https:\/\/i0.wp.com\/shopcanarias.es\/wp-content\/uploads\/2022\/02\/plano-primera-siembra-e1645710778677.png?resize=300%2C156&amp;ssl=1 300w, https:\/\/i0.wp.com\/shopcanarias.es\/wp-content\/uploads\/2022\/02\/plano-primera-siembra-e1645710778677.png?resize=350%2C182&amp;ssl=1 350w\" \/><figcaption>Plano de la primera siembra con semillas ecol\u00f3gicas<\/figcaption><\/figure>\n\n\n\n<p>Las berenjenas, las coles, la lavanda, el romero, alguna cal\u00e9ndula, y el or\u00e9gano canadiense ya estaban en el huerto cuando llegamos.<\/p>\n\n\n\n<figure class=\"wp-block-image size-medium is-style-rounded\"><img data-recalc-dims=\"1\" loading=\"lazy\" decoding=\"async\" width=\"300\" height=\"169\" sizes=\"auto, (max-width: 767px) 89vw, (max-width: 1000px) 54vw, (max-width: 1071px) 543px, 580px\" src=\"https:\/\/i0.wp.com\/shopcanarias.es\/wp-content\/uploads\/2022\/03\/planta-de-la-berenjena-del-huerto-ecologico-300x169.jpg?resize=300%2C169&#038;ssl=1\" alt=\"Planta de la berenjena del huerto ecol\u00f3gico\" class=\"wp-image-8945\" srcset=\"https:\/\/i0.wp.com\/shopcanarias.es\/wp-content\/uploads\/2022\/03\/planta-de-la-berenjena-del-huerto-ecologico-scaled.jpg?resize=300%2C169&amp;ssl=1 300w, https:\/\/i0.wp.com\/shopcanarias.es\/wp-content\/uploads\/2022\/03\/planta-de-la-berenjena-del-huerto-ecologico-scaled.jpg?resize=1024%2C576&amp;ssl=1 1024w, https:\/\/i0.wp.com\/shopcanarias.es\/wp-content\/uploads\/2022\/03\/planta-de-la-berenjena-del-huerto-ecologico-scaled.jpg?resize=768%2C432&amp;ssl=1 768w, https:\/\/i0.wp.com\/shopcanarias.es\/wp-content\/uploads\/2022\/03\/planta-de-la-berenjena-del-huerto-ecologico-scaled.jpg?resize=1536%2C864&amp;ssl=1 1536w, https:\/\/i0.wp.com\/shopcanarias.es\/wp-content\/uploads\/2022\/03\/planta-de-la-berenjena-del-huerto-ecologico-scaled.jpg?resize=2048%2C1152&amp;ssl=1 2048w, https:\/\/i0.wp.com\/shopcanarias.es\/wp-content\/uploads\/2022\/03\/planta-de-la-berenjena-del-huerto-ecologico-scaled.jpg?resize=350%2C197&amp;ssl=1 350w\" \/><figcaption>Planta de la berenjena del huerto ecol\u00f3gico<\/figcaption><\/figure>\n\n\n\n<p>Realizamos la segunda siembra con papas  o patatas de semilla que plantamos en los primeros d\u00edas de noviembre, y las plantamos enteras. Nunca conseguimos papas ecol\u00f3gicas. De paso aprovechamos para sembrar pl\u00e1ntulas no ecol\u00f3gicas de col kale.<\/p>\n\n\n\n<p>Ahora muestro el plano de la tercera siembra en los primeros d\u00edas de diciembre con pl\u00e1ntulas normales, porque no las encontramos ecol\u00f3gicas; <\/p>\n\n\n\n<figure class=\"wp-block-image size-large\"><img data-recalc-dims=\"1\" loading=\"lazy\" decoding=\"async\" width=\"525\" height=\"295\" sizes=\"auto, (max-width: 767px) 89vw, (max-width: 1000px) 54vw, (max-width: 1071px) 543px, 580px\" src=\"https:\/\/i0.wp.com\/shopcanarias.es\/wp-content\/uploads\/2022\/02\/plano-segunda-y-tercera-siembra.png?resize=525%2C295&#038;ssl=1\" alt=\"plano segunda y tercera siembra\" class=\"wp-image-8577\"\/><figcaption>Plano de la segunda y tercera siembra con pl\u00e1ntulas<\/figcaption><\/figure>\n\n\n\n<h2 class=\"wp-block-heading\" id=\"cuanto-tiempo-invertir-en-el-huerto-ecologico\"><span class=\"ez-toc-section\" id=\"Cuanto-tiempo-invertir-en-el-huerto-ecologico\"><\/span>Cu\u00e1nto tiempo invertir en el huerto ecol\u00f3gico<span class=\"ez-toc-section-end\"><\/span><\/h2>\n\n\n\n<p>El horario que llevo haciendo 5 meses, los d\u00edas que voy al huerto, es de 8:45 am despu\u00e9s de dejar al ni\u00f1o en el colegio,  a 12:00 am cuando el sol \u2600 ya est\u00e1 en lo m\u00e1s alto, porque incluso en invierno el sol quema en Canarias si el cielo est\u00e1 despejado.<\/p>\n\n\n\n<p>Teniendo en cuenta que le pusimos tres fardos de paja al huerto para retener la humedad y ahorrar agua, si no llueve, tengo que ir a regar con una secuencia de; un d\u00eda s\u00ed, y dos d\u00edas no. Gracias a las lluvias \u2614 , nos hemos ahorrado esta tarea por lo menos una decenas de veces. Otros d\u00edas voy a quitar mala hierba, a guiar con hilo las plantas que trepan como el tomate \ud83c\udf45 y\/o a recolectar.<\/p>\n\n\n\n<figure class=\"wp-block-image size-medium is-style-rounded\"><img data-recalc-dims=\"1\" loading=\"lazy\" decoding=\"async\" width=\"300\" height=\"169\" sizes=\"auto, (max-width: 767px) 89vw, (max-width: 1000px) 54vw, (max-width: 1071px) 543px, 580px\" src=\"https:\/\/i0.wp.com\/shopcanarias.es\/wp-content\/uploads\/2022\/03\/tomates-verdes-del-huerto-ecologico-300x169.jpg?resize=300%2C169&#038;ssl=1\" alt=\"Tomates verdes del huerto ecol\u00f3gico\" class=\"wp-image-9043\" srcset=\"https:\/\/i0.wp.com\/shopcanarias.es\/wp-content\/uploads\/2022\/03\/tomates-verdes-del-huerto-ecologico-scaled.jpg?resize=300%2C169&amp;ssl=1 300w, https:\/\/i0.wp.com\/shopcanarias.es\/wp-content\/uploads\/2022\/03\/tomates-verdes-del-huerto-ecologico-scaled.jpg?resize=1024%2C576&amp;ssl=1 1024w, https:\/\/i0.wp.com\/shopcanarias.es\/wp-content\/uploads\/2022\/03\/tomates-verdes-del-huerto-ecologico-scaled.jpg?resize=768%2C432&amp;ssl=1 768w, https:\/\/i0.wp.com\/shopcanarias.es\/wp-content\/uploads\/2022\/03\/tomates-verdes-del-huerto-ecologico-scaled.jpg?resize=1536%2C864&amp;ssl=1 1536w, https:\/\/i0.wp.com\/shopcanarias.es\/wp-content\/uploads\/2022\/03\/tomates-verdes-del-huerto-ecologico-scaled.jpg?resize=2048%2C1152&amp;ssl=1 2048w, https:\/\/i0.wp.com\/shopcanarias.es\/wp-content\/uploads\/2022\/03\/tomates-verdes-del-huerto-ecologico-scaled.jpg?resize=350%2C197&amp;ssl=1 350w\" \/><figcaption>Tomates verdes del huerto ecol\u00f3gico<\/figcaption><\/figure>\n\n\n\n<p>Durante las Navidades, s\u00f3lo fuimos al huerto dos veces a recolectar, y cuando volv\u00ed despu\u00e9s de quince d\u00edas, hab\u00eda tanta mala hierba y estaba tan alta, que tard\u00e9 dos d\u00edas en quitarlas de las calles, y una semana m\u00e1s para quitarlas de ra\u00edz de la parte cultivada del huerto. <\/p>\n\n\n\n<p>De no ser por este hecho, que no he vuelto a repetir, no es necesario ir todos los d\u00edas al huerto, pero al ser ecol\u00f3gico, cuanto m\u00e1s vayas m\u00e1s f\u00e1cil ser\u00e1 quitar la mala hierba de ra\u00edz, porque si usas una desbrozadora s\u00f3lo vas a darle m\u00e1s fuerza a las ra\u00edces. Dedic\u00e1ndole una hora cada d\u00eda a un huerto de estos metros cuadrados, lo tendremos en perfecto estado.<\/p>\n\n\n\n<h2 class=\"wp-block-heading\" id=\"cuando-sembrar-el-huerto-ecologico\"><span class=\"ez-toc-section\" id=\"Cuando-sembrar-en-el-huerto-ecologico\"><\/span>Cu\u00e1ndo sembrar en el huerto ecol\u00f3gico<span class=\"ez-toc-section-end\"><\/span><\/h2>\n\n\n\n<p>Nosotros tuvimos la suerte de sembrar en oto\u00f1o, en los primeros d\u00edas de octubre, estaci\u00f3n en la que puedes plantar casi todo, y lo hicimos con semillas ecol\u00f3gicas. <\/p>\n\n\n\n<p>En los primeros d\u00edas de noviembre sembramos las papas de semilla enteras (patatas), aunque no eran ecol\u00f3gicas, porque nunca las llegamos a encontrar. A la par sembramos pl\u00e1ntulas de col kale.<\/p>\n\n\n\n<figure class=\"wp-block-image size-medium is-style-rounded\"><img data-recalc-dims=\"1\" loading=\"lazy\" decoding=\"async\" width=\"300\" height=\"169\" sizes=\"auto, (max-width: 767px) 89vw, (max-width: 1000px) 54vw, (max-width: 1071px) 543px, 580px\" src=\"https:\/\/i0.wp.com\/shopcanarias.es\/wp-content\/uploads\/2022\/03\/platanera-y-papas-del-huerto-ecologico-300x169.jpg?resize=300%2C169&#038;ssl=1\" alt=\"Platanera y papas o patatas del huerto ecol\u00f3gico\" class=\"wp-image-9031\" srcset=\"https:\/\/i0.wp.com\/shopcanarias.es\/wp-content\/uploads\/2022\/03\/platanera-y-papas-del-huerto-ecologico-scaled.jpg?resize=300%2C169&amp;ssl=1 300w, https:\/\/i0.wp.com\/shopcanarias.es\/wp-content\/uploads\/2022\/03\/platanera-y-papas-del-huerto-ecologico-scaled.jpg?resize=1024%2C576&amp;ssl=1 1024w, https:\/\/i0.wp.com\/shopcanarias.es\/wp-content\/uploads\/2022\/03\/platanera-y-papas-del-huerto-ecologico-scaled.jpg?resize=768%2C432&amp;ssl=1 768w, https:\/\/i0.wp.com\/shopcanarias.es\/wp-content\/uploads\/2022\/03\/platanera-y-papas-del-huerto-ecologico-scaled.jpg?resize=1536%2C864&amp;ssl=1 1536w, https:\/\/i0.wp.com\/shopcanarias.es\/wp-content\/uploads\/2022\/03\/platanera-y-papas-del-huerto-ecologico-scaled.jpg?resize=2048%2C1152&amp;ssl=1 2048w, https:\/\/i0.wp.com\/shopcanarias.es\/wp-content\/uploads\/2022\/03\/platanera-y-papas-del-huerto-ecologico-scaled.jpg?resize=350%2C197&amp;ssl=1 350w\" \/><figcaption>Platanera y papas o patatas del huerto ecol\u00f3gico<\/figcaption><\/figure>\n\n\n\n<p>La tercera ronda de siembra la hicimos en los primeros d\u00edas de diciembre, con pl\u00e1ntulas de temporada que no encontramos ecol\u00f3gicas. Lo ideal, si hubiese dispuesto de m\u00e1s metros de huerto, hubiese sido sembrar todos los meses con pl\u00e1ntulas.<\/p>\n\n\n\n<p>Los frutales no los conseguimos ecol\u00f3gicos, as\u00ed que los que compramos y los trasplantamos en casa para que vayan creciendo. <\/p>\n\n\n\n<h2 class=\"wp-block-heading\"><span class=\"ez-toc-section\" id=\"Tiempos-de-recoleccion\"><\/span>Tiempos de recolecci\u00f3n<span class=\"ez-toc-section-end\"><\/span><\/h2>\n\n\n\n<p>En lo concerniente a los tiempos de recolecci\u00f3n, a\u00f1ado dos listas; una por orden de recolecci\u00f3n, y otra por orden alfab\u00e9tico.<\/p>\n\n\n\n<p><strong>Ordenada por tiempos<\/strong> de recolecci\u00f3n, de la m\u00e1s temprana a la m\u00e1s tard\u00eda;<\/p>\n\n\n\n<figure class=\"wp-block-table\"><table><tbody><tr><td><em><u>PRODUCTO<\/u><\/em><\/td><td><em><u>RECOLECTA<\/u><\/em><\/td><\/tr><tr><td>r\u00e1banos<\/td><td>1 mes<\/td><\/tr><tr><td>albahaca<\/td><td>1 \u00f3 2 meses<\/td><\/tr><tr><td>calabac\u00edn<\/td><td>1 \u00f3 2 meses<\/td><\/tr><tr><td>pepino<\/td><td>1 \u00f3 2 meses<\/td><\/tr><tr><td>zanahoria<\/td><td>1 \u00f3 2 meses<\/td><\/tr><tr><td>berros<\/td><td>2 meses<\/td><\/tr><tr><td>br\u00f3coli<\/td><td>2 meses<\/td><\/tr><tr><td>lechuga<\/td><td>2 meses<\/td><\/tr><tr><td>acelga<\/td><td>2 \u00f3 3 meses<\/td><\/tr><tr><td>apio<\/td><td>2 \u00f3 3 meses<\/td><\/tr><tr><td>berenjena<\/td><td>2 \u00f3 3 meses<\/td><\/tr><tr><td>cilantro<\/td><td>2 \u00f3 3 meses<\/td><\/tr><tr><td>coliflor<\/td><td>2 \u00f3 3 meses<\/td><\/tr><tr><td>espinacas<\/td><td>2 \u00f3 3 meses<\/td><\/tr><tr><td>millo o ma\u00edz<\/td><td>2 \u00f3 3 meses<\/td><\/tr><tr><td>perejil<\/td><td>2 \u00f3 3 meses<\/td><\/tr><tr><td>pimiento<\/td><td>2 \u00f3 3 meses<\/td><\/tr><tr><td>tomate<\/td><td>2 \u00f3 3 meses<\/td><\/tr><tr><td>remolacha<\/td><td>3 \u00f3 4 meses<\/td><\/tr><tr><td>ajo<\/td><td>3 \u00f3 5 meses<\/td><\/tr><tr><td>calabaza<\/td><td>4 meses<\/td><\/tr><tr><td>cebolla<\/td><td>4 meses<\/td><\/tr><tr><td>col kale<\/td><td>4 meses<\/td><\/tr><tr><td>chayota<\/td><td>4 \u00f3 5 meses<\/td><\/tr><tr><td>papas o patatas<\/td><td>5 \u00f3 6 meses<\/td><\/tr><tr><td>puerro<\/td><td>5 \u00f3 6 meses<\/td><\/tr><tr><td>alcachofa<\/td><td>6 \u00f3 7 meses<\/td><\/tr><\/tbody><\/table><\/figure>\n\n\n\n<p>Aprovecho para comentar que estos tiempos de recolecci\u00f3n se han ralentizado en todos los casos exceptuando al tiempo de recolecta de los r\u00e1banos. Creo que es debido a que es un huerto ecol\u00f3gico, y a que usamos diatomea y fertilizante ecol\u00f3gico s\u00f3lo al sembrar.<\/p>\n\n\n\n<p>Tambi\u00e9n es verdad que en algunos espacios la tierra es arcillosa, que cuando llueve se convierte en un barrizal, y que cuando se seca se pone duro como una piedra, ralentizando el crecimiento de la planta.<\/p>\n\n\n\n<p>Y ahora a\u00f1ado la lista con los tiempos de recolecci\u00f3n, pero <strong>ordenado alfab\u00e9ticamente <\/strong>por el nombre de la verdura \ud83e\udd52 ;<\/p>\n\n\n\n<figure class=\"wp-block-table\"><table><tbody><tr><td><strong><em><u>PRODUCTO<\/u><\/em><\/strong><\/td><td><strong><em><u>RECOLECTA<\/u><\/em><\/strong><\/td><\/tr><tr><td>acelga<\/td><td>2 \u00f3 3 meses<\/td><\/tr><tr><td>ajo<\/td><td>3 \u00f3 5 meses<\/td><\/tr><tr><td>albahaca<\/td><td>1 \u00f3 2 meses<\/td><\/tr><tr><td>alcachofa<\/td><td>6 \u00f3 7 meses<\/td><\/tr><tr><td>apio<\/td><td>2 \u00f3 3 meses<\/td><\/tr><tr><td>berenjena<\/td><td>2 \u00f3 3 meses<\/td><\/tr><tr><td>berros<\/td><td>2 meses<\/td><\/tr><tr><td>br\u00f3coli<\/td><td>2 meses<\/td><\/tr><tr><td>calabac\u00edn<\/td><td>1 \u00f3 2 meses<\/td><\/tr><tr><td>calabaza<\/td><td>4 meses<\/td><\/tr><tr><td>cebolla<\/td><td>4 meses<\/td><\/tr><tr><td>chayota<\/td><td>4 \u00f3 5 meses<\/td><\/tr><tr><td>cilantro<\/td><td>2 \u00f3 3 meses<\/td><\/tr><tr><td>col kale<\/td><td>4 meses<\/td><\/tr><tr><td>coliflor<\/td><td>2 \u00f3 3 meses<\/td><\/tr><tr><td>espinacas<\/td><td>2 \u00f3 3 meses<\/td><\/tr><tr><td>lechuga<\/td><td>2 meses<\/td><\/tr><tr><td>millo o ma\u00edz<\/td><td>2 \u00f3 3 meses<\/td><\/tr><tr><td>papas o patatas<\/td><td>5 \u00f3 6 meses<\/td><\/tr><tr><td>pepino<\/td><td>1 \u00f3 2 meses<\/td><\/tr><tr><td>perejil<\/td><td>2 \u00f3 3 meses<\/td><\/tr><tr><td>pimiento<\/td><td>2 \u00f3 3 meses<\/td><\/tr><tr><td>puerro<\/td><td>5 \u00f3 6 meses<\/td><\/tr><tr><td>r\u00e1banos<\/td><td>1 mes<\/td><\/tr><tr><td>remolacha<\/td><td>3 \u00f3 4 meses<\/td><\/tr><tr><td>tomate<\/td><td>2 \u00f3 3 meses<\/td><\/tr><tr><td>zanahoria<\/td><td>1 \u00f3 2 meses<\/td><\/tr><\/tbody><\/table><\/figure>\n\n\n\n<h2 class=\"wp-block-heading\"><span class=\"ez-toc-section\" id=\"Como-saber-cuando-recolectar-en-el-huerto-ecologico\"><\/span>C\u00f3mo saber cu\u00e1ndo recolectar en el huerto ecol\u00f3gico<span class=\"ez-toc-section-end\"><\/span><\/h2>\n\n\n\n<p>En la fase de recolecta, cada verdura tiene su forma de evidenciarlo. Las hojas de las papas o patatas, y las zanahorias deben estar amarillas. Igualmente lo deben estar las barbas de la pi\u00f1a de millo o ma\u00edz, que adem\u00e1s mostrar\u00e1n ya la flor del mismo color amarillento.<\/p>\n\n\n\n<div class=\"wp-block-group\"><div class=\"wp-block-group__inner-container is-layout-flow wp-block-group-is-layout-flow\">\n<figure class=\"wp-block-gallery has-nested-images columns-default is-cropped wp-block-gallery-2 is-layout-flex wp-block-gallery-is-layout-flex\">\n<figure class=\"wp-block-image size-large\"><img data-recalc-dims=\"1\" loading=\"lazy\" decoding=\"async\" width=\"525\" height=\"295\" sizes=\"auto, (max-width: 767px) 89vw, (max-width: 1000px) 54vw, (max-width: 1071px) 543px, 580px\" data-id=\"9025\" src=\"https:\/\/i0.wp.com\/shopcanarias.es\/wp-content\/uploads\/2022\/03\/pina-de-millo-creciendo-del-huerto-ecologico-scaled.jpg?resize=525%2C295&#038;ssl=1\" alt=\"Pi\u00f1a de millo creciendo del huerto ecol\u00f3gico\" class=\"wp-image-9025\" srcset=\"https:\/\/i0.wp.com\/shopcanarias.es\/wp-content\/uploads\/2022\/03\/pina-de-millo-creciendo-del-huerto-ecologico-scaled.jpg?w=2560&amp;ssl=1 2560w, https:\/\/i0.wp.com\/shopcanarias.es\/wp-content\/uploads\/2022\/03\/pina-de-millo-creciendo-del-huerto-ecologico-scaled.jpg?resize=300%2C169&amp;ssl=1 300w, https:\/\/i0.wp.com\/shopcanarias.es\/wp-content\/uploads\/2022\/03\/pina-de-millo-creciendo-del-huerto-ecologico-scaled.jpg?resize=1024%2C576&amp;ssl=1 1024w, https:\/\/i0.wp.com\/shopcanarias.es\/wp-content\/uploads\/2022\/03\/pina-de-millo-creciendo-del-huerto-ecologico-scaled.jpg?resize=768%2C432&amp;ssl=1 768w, https:\/\/i0.wp.com\/shopcanarias.es\/wp-content\/uploads\/2022\/03\/pina-de-millo-creciendo-del-huerto-ecologico-scaled.jpg?resize=1536%2C864&amp;ssl=1 1536w, https:\/\/i0.wp.com\/shopcanarias.es\/wp-content\/uploads\/2022\/03\/pina-de-millo-creciendo-del-huerto-ecologico-scaled.jpg?resize=2048%2C1152&amp;ssl=1 2048w, https:\/\/i0.wp.com\/shopcanarias.es\/wp-content\/uploads\/2022\/03\/pina-de-millo-creciendo-del-huerto-ecologico-scaled.jpg?resize=350%2C197&amp;ssl=1 350w\" \/><figcaption> Pi\u00f1a creciendo<\/figcaption><\/figure>\n\n\n\n<figure class=\"wp-block-image size-large\"><img data-recalc-dims=\"1\" loading=\"lazy\" decoding=\"async\" width=\"525\" height=\"295\" sizes=\"auto, (max-width: 767px) 89vw, (max-width: 1000px) 54vw, (max-width: 1071px) 543px, 580px\" data-id=\"8779\" src=\"https:\/\/i0.wp.com\/shopcanarias.es\/wp-content\/uploads\/2022\/03\/flor-del-millo-o-maiz-del-huerto-ecologico-1024x576.jpg?resize=525%2C295&#038;ssl=1\" alt=\"flor del millo o ma\u00edz del huerto ecol\u00f3gico\" class=\"wp-image-8779\" srcset=\"https:\/\/i0.wp.com\/shopcanarias.es\/wp-content\/uploads\/2022\/03\/flor-del-millo-o-maiz-del-huerto-ecologico-scaled.jpg?resize=1024%2C576&amp;ssl=1 1024w, https:\/\/i0.wp.com\/shopcanarias.es\/wp-content\/uploads\/2022\/03\/flor-del-millo-o-maiz-del-huerto-ecologico-scaled.jpg?resize=300%2C169&amp;ssl=1 300w, https:\/\/i0.wp.com\/shopcanarias.es\/wp-content\/uploads\/2022\/03\/flor-del-millo-o-maiz-del-huerto-ecologico-scaled.jpg?resize=768%2C432&amp;ssl=1 768w, https:\/\/i0.wp.com\/shopcanarias.es\/wp-content\/uploads\/2022\/03\/flor-del-millo-o-maiz-del-huerto-ecologico-scaled.jpg?resize=1536%2C864&amp;ssl=1 1536w, https:\/\/i0.wp.com\/shopcanarias.es\/wp-content\/uploads\/2022\/03\/flor-del-millo-o-maiz-del-huerto-ecologico-scaled.jpg?resize=2048%2C1152&amp;ssl=1 2048w, https:\/\/i0.wp.com\/shopcanarias.es\/wp-content\/uploads\/2022\/03\/flor-del-millo-o-maiz-del-huerto-ecologico-scaled.jpg?resize=350%2C197&amp;ssl=1 350w\" \/><figcaption> Flor del millo o ma\u00edz<\/figcaption><\/figure>\n\n\n\n<figure class=\"wp-block-image size-large\"><img data-recalc-dims=\"1\" loading=\"lazy\" decoding=\"async\" width=\"525\" height=\"295\" sizes=\"auto, (max-width: 767px) 89vw, (max-width: 1000px) 54vw, (max-width: 1071px) 543px, 580px\" data-id=\"9076\" src=\"https:\/\/i0.wp.com\/shopcanarias.es\/wp-content\/uploads\/2022\/03\/barbas-de-pina-de-millo-o-maiz-madura-del-huerto-ecologico-scaled.jpg?resize=525%2C295&#038;ssl=1\" alt=\"Barbas marrones de pi\u00f1a de millo o ma\u00edz madura del huerto ecol\u00f3gico\" class=\"wp-image-9076\" srcset=\"https:\/\/i0.wp.com\/shopcanarias.es\/wp-content\/uploads\/2022\/03\/barbas-de-pina-de-millo-o-maiz-madura-del-huerto-ecologico-scaled.jpg?w=2560&amp;ssl=1 2560w, https:\/\/i0.wp.com\/shopcanarias.es\/wp-content\/uploads\/2022\/03\/barbas-de-pina-de-millo-o-maiz-madura-del-huerto-ecologico-scaled.jpg?resize=300%2C169&amp;ssl=1 300w, https:\/\/i0.wp.com\/shopcanarias.es\/wp-content\/uploads\/2022\/03\/barbas-de-pina-de-millo-o-maiz-madura-del-huerto-ecologico-scaled.jpg?resize=1024%2C576&amp;ssl=1 1024w, https:\/\/i0.wp.com\/shopcanarias.es\/wp-content\/uploads\/2022\/03\/barbas-de-pina-de-millo-o-maiz-madura-del-huerto-ecologico-scaled.jpg?resize=768%2C432&amp;ssl=1 768w, https:\/\/i0.wp.com\/shopcanarias.es\/wp-content\/uploads\/2022\/03\/barbas-de-pina-de-millo-o-maiz-madura-del-huerto-ecologico-scaled.jpg?resize=1536%2C864&amp;ssl=1 1536w, https:\/\/i0.wp.com\/shopcanarias.es\/wp-content\/uploads\/2022\/03\/barbas-de-pina-de-millo-o-maiz-madura-del-huerto-ecologico-scaled.jpg?resize=2048%2C1152&amp;ssl=1 2048w, https:\/\/i0.wp.com\/shopcanarias.es\/wp-content\/uploads\/2022\/03\/barbas-de-pina-de-millo-o-maiz-madura-del-huerto-ecologico-scaled.jpg?resize=350%2C197&amp;ssl=1 350w\" \/><figcaption> Pi\u00f1a con barbas marrones<\/figcaption><\/figure>\n<\/figure>\n<\/div><\/div>\n\n\n\n<p><\/p>\n\n\n\n<p>La cebolla, el ajo y el puerro tendr\u00e1n unas hojas espigadas y alargadas, con un verde intenso y un tallo grueso.<\/p>\n\n\n\n<figure class=\"wp-block-gallery has-nested-images columns-default is-cropped wp-block-gallery-3 is-layout-flex wp-block-gallery-is-layout-flex\">\n<figure class=\"wp-block-image size-large\"><img data-recalc-dims=\"1\" loading=\"lazy\" decoding=\"async\" width=\"525\" height=\"295\" sizes=\"auto, (max-width: 767px) 89vw, (max-width: 1000px) 54vw, (max-width: 1071px) 543px, 580px\" data-id=\"8809\" src=\"https:\/\/i0.wp.com\/shopcanarias.es\/wp-content\/uploads\/2022\/03\/hojas-del-puerro-del-huerto-ecologico-scaled.jpg?resize=525%2C295&#038;ssl=1\" alt=\"hojas del puerro del huerto ecol\u00f3gico\" class=\"wp-image-8809\" srcset=\"https:\/\/i0.wp.com\/shopcanarias.es\/wp-content\/uploads\/2022\/03\/hojas-del-puerro-del-huerto-ecologico-scaled.jpg?w=2560&amp;ssl=1 2560w, https:\/\/i0.wp.com\/shopcanarias.es\/wp-content\/uploads\/2022\/03\/hojas-del-puerro-del-huerto-ecologico-scaled.jpg?resize=300%2C169&amp;ssl=1 300w, https:\/\/i0.wp.com\/shopcanarias.es\/wp-content\/uploads\/2022\/03\/hojas-del-puerro-del-huerto-ecologico-scaled.jpg?resize=1024%2C576&amp;ssl=1 1024w, https:\/\/i0.wp.com\/shopcanarias.es\/wp-content\/uploads\/2022\/03\/hojas-del-puerro-del-huerto-ecologico-scaled.jpg?resize=768%2C432&amp;ssl=1 768w, https:\/\/i0.wp.com\/shopcanarias.es\/wp-content\/uploads\/2022\/03\/hojas-del-puerro-del-huerto-ecologico-scaled.jpg?resize=1536%2C864&amp;ssl=1 1536w, https:\/\/i0.wp.com\/shopcanarias.es\/wp-content\/uploads\/2022\/03\/hojas-del-puerro-del-huerto-ecologico-scaled.jpg?resize=2048%2C1152&amp;ssl=1 2048w, https:\/\/i0.wp.com\/shopcanarias.es\/wp-content\/uploads\/2022\/03\/hojas-del-puerro-del-huerto-ecologico-scaled.jpg?resize=350%2C197&amp;ssl=1 350w\" \/><figcaption> Puerro<\/figcaption><\/figure>\n\n\n\n<figure class=\"wp-block-image size-large\"><img data-recalc-dims=\"1\" loading=\"lazy\" decoding=\"async\" width=\"525\" height=\"295\" sizes=\"auto, (max-width: 767px) 89vw, (max-width: 1000px) 54vw, (max-width: 1071px) 543px, 580px\" data-id=\"8803\" src=\"https:\/\/i0.wp.com\/shopcanarias.es\/wp-content\/uploads\/2022\/03\/hojas-de-la-cebolla-del-huerto-ecologico-scaled.jpg?resize=525%2C295&#038;ssl=1\" alt=\"hojas de cebolla del huerto ecol\u00f3gico\" class=\"wp-image-8803\" srcset=\"https:\/\/i0.wp.com\/shopcanarias.es\/wp-content\/uploads\/2022\/03\/hojas-de-la-cebolla-del-huerto-ecologico-scaled.jpg?w=2560&amp;ssl=1 2560w, https:\/\/i0.wp.com\/shopcanarias.es\/wp-content\/uploads\/2022\/03\/hojas-de-la-cebolla-del-huerto-ecologico-scaled.jpg?resize=300%2C169&amp;ssl=1 300w, https:\/\/i0.wp.com\/shopcanarias.es\/wp-content\/uploads\/2022\/03\/hojas-de-la-cebolla-del-huerto-ecologico-scaled.jpg?resize=1024%2C576&amp;ssl=1 1024w, https:\/\/i0.wp.com\/shopcanarias.es\/wp-content\/uploads\/2022\/03\/hojas-de-la-cebolla-del-huerto-ecologico-scaled.jpg?resize=768%2C432&amp;ssl=1 768w, https:\/\/i0.wp.com\/shopcanarias.es\/wp-content\/uploads\/2022\/03\/hojas-de-la-cebolla-del-huerto-ecologico-scaled.jpg?resize=1536%2C864&amp;ssl=1 1536w, https:\/\/i0.wp.com\/shopcanarias.es\/wp-content\/uploads\/2022\/03\/hojas-de-la-cebolla-del-huerto-ecologico-scaled.jpg?resize=2048%2C1152&amp;ssl=1 2048w, https:\/\/i0.wp.com\/shopcanarias.es\/wp-content\/uploads\/2022\/03\/hojas-de-la-cebolla-del-huerto-ecologico-scaled.jpg?resize=350%2C197&amp;ssl=1 350w\" \/><figcaption> Cebolla blanca<\/figcaption><\/figure>\n\n\n\n<figure class=\"wp-block-image size-large\"><img data-recalc-dims=\"1\" loading=\"lazy\" decoding=\"async\" width=\"525\" height=\"295\" sizes=\"auto, (max-width: 767px) 89vw, (max-width: 1000px) 54vw, (max-width: 1071px) 543px, 580px\" data-id=\"8737\" src=\"https:\/\/i0.wp.com\/shopcanarias.es\/wp-content\/uploads\/2022\/03\/cebolla-roja-asomando-en-el-huerto-ecologico-scaled.jpg?resize=525%2C295&#038;ssl=1\" alt=\"cebolla roja asomando en el huerto ecol\u00f3gico\" class=\"wp-image-8737\" srcset=\"https:\/\/i0.wp.com\/shopcanarias.es\/wp-content\/uploads\/2022\/03\/cebolla-roja-asomando-en-el-huerto-ecologico-scaled.jpg?w=2560&amp;ssl=1 2560w, https:\/\/i0.wp.com\/shopcanarias.es\/wp-content\/uploads\/2022\/03\/cebolla-roja-asomando-en-el-huerto-ecologico-scaled.jpg?resize=300%2C169&amp;ssl=1 300w, https:\/\/i0.wp.com\/shopcanarias.es\/wp-content\/uploads\/2022\/03\/cebolla-roja-asomando-en-el-huerto-ecologico-scaled.jpg?resize=1024%2C576&amp;ssl=1 1024w, https:\/\/i0.wp.com\/shopcanarias.es\/wp-content\/uploads\/2022\/03\/cebolla-roja-asomando-en-el-huerto-ecologico-scaled.jpg?resize=768%2C432&amp;ssl=1 768w, https:\/\/i0.wp.com\/shopcanarias.es\/wp-content\/uploads\/2022\/03\/cebolla-roja-asomando-en-el-huerto-ecologico-scaled.jpg?resize=1536%2C864&amp;ssl=1 1536w, https:\/\/i0.wp.com\/shopcanarias.es\/wp-content\/uploads\/2022\/03\/cebolla-roja-asomando-en-el-huerto-ecologico-scaled.jpg?resize=2048%2C1152&amp;ssl=1 2048w, https:\/\/i0.wp.com\/shopcanarias.es\/wp-content\/uploads\/2022\/03\/cebolla-roja-asomando-en-el-huerto-ecologico-scaled.jpg?resize=350%2C197&amp;ssl=1 350w\" \/><figcaption> Cebolla roja asomando<\/figcaption><\/figure>\n<\/figure>\n\n\n\n<p>A continuaci\u00f3n se muestran las hojas amarillas de la papa o patata, en comparaci\u00f3n con otras hojas verdes de la misma planta. Cuando escarbamos para recolectar las papas o patatas, encontramos una capa superior, esta vez con cuatro papas, y debajo una capa inferior con otras dos papas.<\/p>\n\n\n\n<figure class=\"wp-block-gallery has-nested-images columns-default is-cropped wp-block-gallery-4 is-layout-flex wp-block-gallery-is-layout-flex\">\n<figure class=\"wp-block-image size-large\"><img data-recalc-dims=\"1\" loading=\"lazy\" decoding=\"async\" width=\"525\" height=\"295\" sizes=\"auto, (max-width: 767px) 89vw, (max-width: 1000px) 54vw, (max-width: 1071px) 543px, 580px\" data-id=\"9192\" src=\"https:\/\/i0.wp.com\/shopcanarias.es\/wp-content\/uploads\/2022\/03\/Hojas-amarillas-de-la-papa-o-patata-en-el-huerto-ecologico-scaled.jpg?resize=525%2C295&#038;ssl=1\" alt=\"Hojas amarillas de la papa o patata en el huerto ecol\u00f3gico\" class=\"wp-image-9192\" srcset=\"https:\/\/i0.wp.com\/shopcanarias.es\/wp-content\/uploads\/2022\/03\/Hojas-amarillas-de-la-papa-o-patata-en-el-huerto-ecologico-scaled.jpg?w=2560&amp;ssl=1 2560w, https:\/\/i0.wp.com\/shopcanarias.es\/wp-content\/uploads\/2022\/03\/Hojas-amarillas-de-la-papa-o-patata-en-el-huerto-ecologico-scaled.jpg?resize=300%2C169&amp;ssl=1 300w, https:\/\/i0.wp.com\/shopcanarias.es\/wp-content\/uploads\/2022\/03\/Hojas-amarillas-de-la-papa-o-patata-en-el-huerto-ecologico-scaled.jpg?resize=1024%2C576&amp;ssl=1 1024w, https:\/\/i0.wp.com\/shopcanarias.es\/wp-content\/uploads\/2022\/03\/Hojas-amarillas-de-la-papa-o-patata-en-el-huerto-ecologico-scaled.jpg?resize=768%2C432&amp;ssl=1 768w, https:\/\/i0.wp.com\/shopcanarias.es\/wp-content\/uploads\/2022\/03\/Hojas-amarillas-de-la-papa-o-patata-en-el-huerto-ecologico-scaled.jpg?resize=1536%2C864&amp;ssl=1 1536w, https:\/\/i0.wp.com\/shopcanarias.es\/wp-content\/uploads\/2022\/03\/Hojas-amarillas-de-la-papa-o-patata-en-el-huerto-ecologico-scaled.jpg?resize=2048%2C1152&amp;ssl=1 2048w, https:\/\/i0.wp.com\/shopcanarias.es\/wp-content\/uploads\/2022\/03\/Hojas-amarillas-de-la-papa-o-patata-en-el-huerto-ecologico-scaled.jpg?resize=350%2C197&amp;ssl=1 350w\" \/><figcaption>Hojas amarillas <\/figcaption><\/figure>\n\n\n\n<figure class=\"wp-block-image size-large\"><img data-recalc-dims=\"1\" loading=\"lazy\" decoding=\"async\" width=\"525\" height=\"295\" sizes=\"auto, (max-width: 767px) 89vw, (max-width: 1000px) 54vw, (max-width: 1071px) 543px, 580px\" data-id=\"9180\" src=\"https:\/\/i0.wp.com\/shopcanarias.es\/wp-content\/uploads\/2022\/03\/Capa-superior-de-recoleccion-de-papa-o-patata-en-el-huerto-ecologico-scaled.jpg?resize=525%2C295&#038;ssl=1\" alt=\"Capa superior al recolectar papas o patatas en el huerto ecol\u00f3gico\" class=\"wp-image-9180\" srcset=\"https:\/\/i0.wp.com\/shopcanarias.es\/wp-content\/uploads\/2022\/03\/Capa-superior-de-recoleccion-de-papa-o-patata-en-el-huerto-ecologico-scaled.jpg?w=2560&amp;ssl=1 2560w, https:\/\/i0.wp.com\/shopcanarias.es\/wp-content\/uploads\/2022\/03\/Capa-superior-de-recoleccion-de-papa-o-patata-en-el-huerto-ecologico-scaled.jpg?resize=300%2C169&amp;ssl=1 300w, https:\/\/i0.wp.com\/shopcanarias.es\/wp-content\/uploads\/2022\/03\/Capa-superior-de-recoleccion-de-papa-o-patata-en-el-huerto-ecologico-scaled.jpg?resize=1024%2C576&amp;ssl=1 1024w, https:\/\/i0.wp.com\/shopcanarias.es\/wp-content\/uploads\/2022\/03\/Capa-superior-de-recoleccion-de-papa-o-patata-en-el-huerto-ecologico-scaled.jpg?resize=768%2C432&amp;ssl=1 768w, https:\/\/i0.wp.com\/shopcanarias.es\/wp-content\/uploads\/2022\/03\/Capa-superior-de-recoleccion-de-papa-o-patata-en-el-huerto-ecologico-scaled.jpg?resize=1536%2C864&amp;ssl=1 1536w, https:\/\/i0.wp.com\/shopcanarias.es\/wp-content\/uploads\/2022\/03\/Capa-superior-de-recoleccion-de-papa-o-patata-en-el-huerto-ecologico-scaled.jpg?resize=2048%2C1152&amp;ssl=1 2048w, https:\/\/i0.wp.com\/shopcanarias.es\/wp-content\/uploads\/2022\/03\/Capa-superior-de-recoleccion-de-papa-o-patata-en-el-huerto-ecologico-scaled.jpg?resize=350%2C197&amp;ssl=1 350w\" \/><figcaption>Capa superior <\/figcaption><\/figure>\n\n\n\n<figure class=\"wp-block-image size-large\"><img data-recalc-dims=\"1\" loading=\"lazy\" decoding=\"async\" width=\"525\" height=\"295\" sizes=\"auto, (max-width: 767px) 89vw, (max-width: 1000px) 54vw, (max-width: 1071px) 543px, 580px\" data-id=\"9174\" src=\"https:\/\/i0.wp.com\/shopcanarias.es\/wp-content\/uploads\/2022\/03\/Capa-inferior-de-recoleccion-de-papa-o-patata-en-el-huerto-ecologico-scaled.jpg?resize=525%2C295&#038;ssl=1\" alt=\"Capa inferior al recolectar papas o patatas en el huerto ecol\u00f3gico\" class=\"wp-image-9174\" srcset=\"https:\/\/i0.wp.com\/shopcanarias.es\/wp-content\/uploads\/2022\/03\/Capa-inferior-de-recoleccion-de-papa-o-patata-en-el-huerto-ecologico-scaled.jpg?w=2560&amp;ssl=1 2560w, https:\/\/i0.wp.com\/shopcanarias.es\/wp-content\/uploads\/2022\/03\/Capa-inferior-de-recoleccion-de-papa-o-patata-en-el-huerto-ecologico-scaled.jpg?resize=300%2C169&amp;ssl=1 300w, https:\/\/i0.wp.com\/shopcanarias.es\/wp-content\/uploads\/2022\/03\/Capa-inferior-de-recoleccion-de-papa-o-patata-en-el-huerto-ecologico-scaled.jpg?resize=1024%2C576&amp;ssl=1 1024w, https:\/\/i0.wp.com\/shopcanarias.es\/wp-content\/uploads\/2022\/03\/Capa-inferior-de-recoleccion-de-papa-o-patata-en-el-huerto-ecologico-scaled.jpg?resize=768%2C432&amp;ssl=1 768w, https:\/\/i0.wp.com\/shopcanarias.es\/wp-content\/uploads\/2022\/03\/Capa-inferior-de-recoleccion-de-papa-o-patata-en-el-huerto-ecologico-scaled.jpg?resize=1536%2C864&amp;ssl=1 1536w, https:\/\/i0.wp.com\/shopcanarias.es\/wp-content\/uploads\/2022\/03\/Capa-inferior-de-recoleccion-de-papa-o-patata-en-el-huerto-ecologico-scaled.jpg?resize=2048%2C1152&amp;ssl=1 2048w, https:\/\/i0.wp.com\/shopcanarias.es\/wp-content\/uploads\/2022\/03\/Capa-inferior-de-recoleccion-de-papa-o-patata-en-el-huerto-ecologico-scaled.jpg?resize=350%2C197&amp;ssl=1 350w\" \/><figcaption>Capa inferior<\/figcaption><\/figure>\n<\/figure>\n\n\n\n<p>Mostramos el ajo y la cebolla ya recolectados, donde se pueden ver tambi\u00e9n el color y tama\u00f1o de las hojas.<\/p>\n\n\n\n<figure class=\"wp-block-gallery has-nested-images columns-default is-cropped wp-block-gallery-5 is-layout-flex wp-block-gallery-is-layout-flex\">\n<figure class=\"wp-block-image size-large\"><img data-recalc-dims=\"1\" loading=\"lazy\" decoding=\"async\" width=\"525\" height=\"295\" sizes=\"auto, (max-width: 767px) 89vw, (max-width: 1000px) 54vw, (max-width: 1071px) 543px, 580px\" data-id=\"8713\" src=\"https:\/\/i0.wp.com\/shopcanarias.es\/wp-content\/uploads\/2022\/03\/ajo-del-huerto-ecologico-scaled.jpg?resize=525%2C295&#038;ssl=1\" alt=\"ajos del huerto ecol\u00f3gico\" class=\"wp-image-8713\" srcset=\"https:\/\/i0.wp.com\/shopcanarias.es\/wp-content\/uploads\/2022\/03\/ajo-del-huerto-ecologico-scaled.jpg?w=2560&amp;ssl=1 2560w, https:\/\/i0.wp.com\/shopcanarias.es\/wp-content\/uploads\/2022\/03\/ajo-del-huerto-ecologico-scaled.jpg?resize=300%2C169&amp;ssl=1 300w, https:\/\/i0.wp.com\/shopcanarias.es\/wp-content\/uploads\/2022\/03\/ajo-del-huerto-ecologico-scaled.jpg?resize=1024%2C576&amp;ssl=1 1024w, https:\/\/i0.wp.com\/shopcanarias.es\/wp-content\/uploads\/2022\/03\/ajo-del-huerto-ecologico-scaled.jpg?resize=768%2C432&amp;ssl=1 768w, https:\/\/i0.wp.com\/shopcanarias.es\/wp-content\/uploads\/2022\/03\/ajo-del-huerto-ecologico-scaled.jpg?resize=1536%2C864&amp;ssl=1 1536w, https:\/\/i0.wp.com\/shopcanarias.es\/wp-content\/uploads\/2022\/03\/ajo-del-huerto-ecologico-scaled.jpg?resize=2048%2C1152&amp;ssl=1 2048w, https:\/\/i0.wp.com\/shopcanarias.es\/wp-content\/uploads\/2022\/03\/ajo-del-huerto-ecologico-scaled.jpg?resize=350%2C197&amp;ssl=1 350w\" \/><figcaption> Ajos<\/figcaption><\/figure>\n\n\n\n<figure class=\"wp-block-image size-large\"><img data-recalc-dims=\"1\" loading=\"lazy\" decoding=\"async\" width=\"525\" height=\"295\" sizes=\"auto, (max-width: 767px) 89vw, (max-width: 1000px) 54vw, (max-width: 1071px) 543px, 580px\" data-id=\"8731\" src=\"https:\/\/i0.wp.com\/shopcanarias.es\/wp-content\/uploads\/2022\/03\/cebolla-del-huerto-ecologico-scaled.jpg?resize=525%2C295&#038;ssl=1\" alt=\"cebolla roja del huerto ecol\u00f3gico\" class=\"wp-image-8731\" srcset=\"https:\/\/i0.wp.com\/shopcanarias.es\/wp-content\/uploads\/2022\/03\/cebolla-del-huerto-ecologico-scaled.jpg?w=2560&amp;ssl=1 2560w, https:\/\/i0.wp.com\/shopcanarias.es\/wp-content\/uploads\/2022\/03\/cebolla-del-huerto-ecologico-scaled.jpg?resize=300%2C169&amp;ssl=1 300w, https:\/\/i0.wp.com\/shopcanarias.es\/wp-content\/uploads\/2022\/03\/cebolla-del-huerto-ecologico-scaled.jpg?resize=1024%2C576&amp;ssl=1 1024w, https:\/\/i0.wp.com\/shopcanarias.es\/wp-content\/uploads\/2022\/03\/cebolla-del-huerto-ecologico-scaled.jpg?resize=768%2C432&amp;ssl=1 768w, https:\/\/i0.wp.com\/shopcanarias.es\/wp-content\/uploads\/2022\/03\/cebolla-del-huerto-ecologico-scaled.jpg?resize=1536%2C864&amp;ssl=1 1536w, https:\/\/i0.wp.com\/shopcanarias.es\/wp-content\/uploads\/2022\/03\/cebolla-del-huerto-ecologico-scaled.jpg?resize=2048%2C1152&amp;ssl=1 2048w, https:\/\/i0.wp.com\/shopcanarias.es\/wp-content\/uploads\/2022\/03\/cebolla-del-huerto-ecologico-scaled.jpg?resize=350%2C197&amp;ssl=1 350w\" \/><figcaption> Cebolla roja<\/figcaption><\/figure>\n<\/figure>\n\n\n\n<p>El r\u00e1bano y la remolacha asomar\u00e1n fuera de la tierra, a pesar de que pueden seguir creciendo.<\/p>\n\n\n\n<figure class=\"wp-block-gallery has-nested-images columns-default is-cropped wp-block-gallery-6 is-layout-flex wp-block-gallery-is-layout-flex\">\n<figure class=\"wp-block-image size-large is-style-default\"><img data-recalc-dims=\"1\" loading=\"lazy\" decoding=\"async\" width=\"525\" height=\"295\" sizes=\"auto, (max-width: 767px) 89vw, (max-width: 1000px) 54vw, (max-width: 1071px) 543px, 580px\" data-id=\"9204\" src=\"https:\/\/i0.wp.com\/shopcanarias.es\/wp-content\/uploads\/2022\/03\/Rabano-asomando-en-el-huerto-ecologico-1024x576.jpg?resize=525%2C295&#038;ssl=1\" alt=\"R\u00e1bano asomando en el huerto ecol\u00f3gico\" class=\"wp-image-9204\" srcset=\"https:\/\/i0.wp.com\/shopcanarias.es\/wp-content\/uploads\/2022\/03\/Rabano-asomando-en-el-huerto-ecologico-scaled.jpg?resize=1024%2C576&amp;ssl=1 1024w, https:\/\/i0.wp.com\/shopcanarias.es\/wp-content\/uploads\/2022\/03\/Rabano-asomando-en-el-huerto-ecologico-scaled.jpg?resize=300%2C169&amp;ssl=1 300w, https:\/\/i0.wp.com\/shopcanarias.es\/wp-content\/uploads\/2022\/03\/Rabano-asomando-en-el-huerto-ecologico-scaled.jpg?resize=768%2C432&amp;ssl=1 768w, https:\/\/i0.wp.com\/shopcanarias.es\/wp-content\/uploads\/2022\/03\/Rabano-asomando-en-el-huerto-ecologico-scaled.jpg?resize=1536%2C864&amp;ssl=1 1536w, https:\/\/i0.wp.com\/shopcanarias.es\/wp-content\/uploads\/2022\/03\/Rabano-asomando-en-el-huerto-ecologico-scaled.jpg?resize=2048%2C1152&amp;ssl=1 2048w, https:\/\/i0.wp.com\/shopcanarias.es\/wp-content\/uploads\/2022\/03\/Rabano-asomando-en-el-huerto-ecologico-scaled.jpg?resize=350%2C197&amp;ssl=1 350w\" \/><figcaption>R\u00e1bano asomando<\/figcaption><\/figure>\n\n\n\n<figure class=\"wp-block-image size-large\"><img data-recalc-dims=\"1\" loading=\"lazy\" decoding=\"async\" width=\"525\" height=\"295\" sizes=\"auto, (max-width: 767px) 89vw, (max-width: 1000px) 54vw, (max-width: 1071px) 543px, 580px\" data-id=\"9210\" src=\"https:\/\/i0.wp.com\/shopcanarias.es\/wp-content\/uploads\/2022\/03\/Remolacha-asomando-en-el-huerto-ecologico-scaled.jpg?resize=525%2C295&#038;ssl=1\" alt=\"Remolacha asomando en el huerto ecol\u00f3gico\" class=\"wp-image-9210\" srcset=\"https:\/\/i0.wp.com\/shopcanarias.es\/wp-content\/uploads\/2022\/03\/Remolacha-asomando-en-el-huerto-ecologico-scaled.jpg?w=2560&amp;ssl=1 2560w, https:\/\/i0.wp.com\/shopcanarias.es\/wp-content\/uploads\/2022\/03\/Remolacha-asomando-en-el-huerto-ecologico-scaled.jpg?resize=300%2C169&amp;ssl=1 300w, https:\/\/i0.wp.com\/shopcanarias.es\/wp-content\/uploads\/2022\/03\/Remolacha-asomando-en-el-huerto-ecologico-scaled.jpg?resize=1024%2C576&amp;ssl=1 1024w, https:\/\/i0.wp.com\/shopcanarias.es\/wp-content\/uploads\/2022\/03\/Remolacha-asomando-en-el-huerto-ecologico-scaled.jpg?resize=768%2C432&amp;ssl=1 768w, https:\/\/i0.wp.com\/shopcanarias.es\/wp-content\/uploads\/2022\/03\/Remolacha-asomando-en-el-huerto-ecologico-scaled.jpg?resize=1536%2C864&amp;ssl=1 1536w, https:\/\/i0.wp.com\/shopcanarias.es\/wp-content\/uploads\/2022\/03\/Remolacha-asomando-en-el-huerto-ecologico-scaled.jpg?resize=2048%2C1152&amp;ssl=1 2048w, https:\/\/i0.wp.com\/shopcanarias.es\/wp-content\/uploads\/2022\/03\/Remolacha-asomando-en-el-huerto-ecologico-scaled.jpg?resize=350%2C197&amp;ssl=1 350w\" \/><figcaption>Remolacha<\/figcaption><\/figure>\n<\/figure>\n\n\n\n<p>La alcachofa tendr\u00e1 unas hojas enormes, y veremos el fruto en el medio. Y el br\u00f3coli y la coliflor tambi\u00e9n muestran su fruto en el medio de hojas m\u00e1s peque\u00f1as.<\/p>\n\n\n\n<figure class=\"wp-block-gallery has-nested-images columns-default is-cropped wp-block-gallery-7 is-layout-flex wp-block-gallery-is-layout-flex\">\n<figure class=\"wp-block-image size-large\"><img data-recalc-dims=\"1\" loading=\"lazy\" decoding=\"async\" width=\"525\" height=\"295\" sizes=\"auto, (max-width: 767px) 89vw, (max-width: 1000px) 54vw, (max-width: 1071px) 543px, 580px\" data-id=\"8761\" src=\"https:\/\/i0.wp.com\/shopcanarias.es\/wp-content\/uploads\/2022\/03\/coliflor-del-huerto-ecologico-scaled.jpg?resize=525%2C295&#038;ssl=1\" alt=\"coliflor del huerto ecol\u00f3gico\" class=\"wp-image-8761\" srcset=\"https:\/\/i0.wp.com\/shopcanarias.es\/wp-content\/uploads\/2022\/03\/coliflor-del-huerto-ecologico-scaled.jpg?w=2560&amp;ssl=1 2560w, https:\/\/i0.wp.com\/shopcanarias.es\/wp-content\/uploads\/2022\/03\/coliflor-del-huerto-ecologico-scaled.jpg?resize=300%2C169&amp;ssl=1 300w, https:\/\/i0.wp.com\/shopcanarias.es\/wp-content\/uploads\/2022\/03\/coliflor-del-huerto-ecologico-scaled.jpg?resize=1024%2C576&amp;ssl=1 1024w, https:\/\/i0.wp.com\/shopcanarias.es\/wp-content\/uploads\/2022\/03\/coliflor-del-huerto-ecologico-scaled.jpg?resize=768%2C432&amp;ssl=1 768w, https:\/\/i0.wp.com\/shopcanarias.es\/wp-content\/uploads\/2022\/03\/coliflor-del-huerto-ecologico-scaled.jpg?resize=1536%2C864&amp;ssl=1 1536w, https:\/\/i0.wp.com\/shopcanarias.es\/wp-content\/uploads\/2022\/03\/coliflor-del-huerto-ecologico-scaled.jpg?resize=2048%2C1152&amp;ssl=1 2048w, https:\/\/i0.wp.com\/shopcanarias.es\/wp-content\/uploads\/2022\/03\/coliflor-del-huerto-ecologico-scaled.jpg?resize=350%2C197&amp;ssl=1 350w\" \/><figcaption> Coliflor creciendo<\/figcaption><\/figure>\n\n\n\n<figure class=\"wp-block-image size-large\"><img data-recalc-dims=\"1\" loading=\"lazy\" decoding=\"async\" width=\"525\" height=\"295\" sizes=\"auto, (max-width: 767px) 89vw, (max-width: 1000px) 54vw, (max-width: 1071px) 543px, 580px\" data-id=\"8725\" src=\"https:\/\/i0.wp.com\/shopcanarias.es\/wp-content\/uploads\/2022\/03\/brocoli-empezando-a-crecer-en-el-huerto-ecologico-scaled.jpg?resize=525%2C295&#038;ssl=1\" alt=\"br\u00f3coli empezando a crecer en el huerto ecol\u00f3gico\" class=\"wp-image-8725\" srcset=\"https:\/\/i0.wp.com\/shopcanarias.es\/wp-content\/uploads\/2022\/03\/brocoli-empezando-a-crecer-en-el-huerto-ecologico-scaled.jpg?w=2560&amp;ssl=1 2560w, https:\/\/i0.wp.com\/shopcanarias.es\/wp-content\/uploads\/2022\/03\/brocoli-empezando-a-crecer-en-el-huerto-ecologico-scaled.jpg?resize=300%2C169&amp;ssl=1 300w, https:\/\/i0.wp.com\/shopcanarias.es\/wp-content\/uploads\/2022\/03\/brocoli-empezando-a-crecer-en-el-huerto-ecologico-scaled.jpg?resize=1024%2C576&amp;ssl=1 1024w, https:\/\/i0.wp.com\/shopcanarias.es\/wp-content\/uploads\/2022\/03\/brocoli-empezando-a-crecer-en-el-huerto-ecologico-scaled.jpg?resize=768%2C432&amp;ssl=1 768w, https:\/\/i0.wp.com\/shopcanarias.es\/wp-content\/uploads\/2022\/03\/brocoli-empezando-a-crecer-en-el-huerto-ecologico-scaled.jpg?resize=1536%2C864&amp;ssl=1 1536w, https:\/\/i0.wp.com\/shopcanarias.es\/wp-content\/uploads\/2022\/03\/brocoli-empezando-a-crecer-en-el-huerto-ecologico-scaled.jpg?resize=2048%2C1152&amp;ssl=1 2048w, https:\/\/i0.wp.com\/shopcanarias.es\/wp-content\/uploads\/2022\/03\/brocoli-empezando-a-crecer-en-el-huerto-ecologico-scaled.jpg?resize=350%2C197&amp;ssl=1 350w\" \/><figcaption> Br\u00f3coli creciendo<\/figcaption><\/figure>\n\n\n\n<figure class=\"wp-block-image size-large\"><img data-recalc-dims=\"1\" loading=\"lazy\" decoding=\"async\" width=\"525\" height=\"295\" sizes=\"auto, (max-width: 767px) 89vw, (max-width: 1000px) 54vw, (max-width: 1071px) 543px, 580px\" data-id=\"9150\" src=\"https:\/\/i0.wp.com\/shopcanarias.es\/wp-content\/uploads\/2022\/03\/Alcachofa-creciendo-en-el-huerto-ecologico-scaled.jpg?resize=525%2C295&#038;ssl=1\" alt=\"Alcachofa creciendo en el huerto ecol\u00f3gico\" class=\"wp-image-9150\" srcset=\"https:\/\/i0.wp.com\/shopcanarias.es\/wp-content\/uploads\/2022\/03\/Alcachofa-creciendo-en-el-huerto-ecologico-scaled.jpg?w=2560&amp;ssl=1 2560w, https:\/\/i0.wp.com\/shopcanarias.es\/wp-content\/uploads\/2022\/03\/Alcachofa-creciendo-en-el-huerto-ecologico-scaled.jpg?resize=300%2C169&amp;ssl=1 300w, https:\/\/i0.wp.com\/shopcanarias.es\/wp-content\/uploads\/2022\/03\/Alcachofa-creciendo-en-el-huerto-ecologico-scaled.jpg?resize=1024%2C576&amp;ssl=1 1024w, https:\/\/i0.wp.com\/shopcanarias.es\/wp-content\/uploads\/2022\/03\/Alcachofa-creciendo-en-el-huerto-ecologico-scaled.jpg?resize=768%2C432&amp;ssl=1 768w, https:\/\/i0.wp.com\/shopcanarias.es\/wp-content\/uploads\/2022\/03\/Alcachofa-creciendo-en-el-huerto-ecologico-scaled.jpg?resize=1536%2C864&amp;ssl=1 1536w, https:\/\/i0.wp.com\/shopcanarias.es\/wp-content\/uploads\/2022\/03\/Alcachofa-creciendo-en-el-huerto-ecologico-scaled.jpg?resize=2048%2C1152&amp;ssl=1 2048w, https:\/\/i0.wp.com\/shopcanarias.es\/wp-content\/uploads\/2022\/03\/Alcachofa-creciendo-en-el-huerto-ecologico-scaled.jpg?resize=350%2C197&amp;ssl=1 350w\" \/><figcaption>Alcachofa creciendo <\/figcaption><\/figure>\n<\/figure>\n\n\n\n<p>Obviamente veremos el fruto de los pimientos rojos, las calabazas anaranjadas, los tomates rojos, las berenjenas negras, las fresas rojas, los pl\u00e1tanos amarillos (aunque los puedes recolectar verdes ya que se maduran fuera de la planta), y el pepino y el calabac\u00edn verdes y gruesos.<\/p>\n\n\n\n<div class=\"wp-block-group\"><div class=\"wp-block-group__inner-container is-layout-flow wp-block-group-is-layout-flow\">\n<figure class=\"wp-block-gallery has-nested-images columns-default is-cropped wp-block-gallery-8 is-layout-flex wp-block-gallery-is-layout-flex\">\n<figure class=\"wp-block-image size-large is-style-default\"><img data-recalc-dims=\"1\" loading=\"lazy\" decoding=\"async\" width=\"525\" height=\"295\" sizes=\"auto, (max-width: 767px) 89vw, (max-width: 1000px) 54vw, (max-width: 1071px) 543px, 580px\" data-id=\"9168\" src=\"https:\/\/i0.wp.com\/shopcanarias.es\/wp-content\/uploads\/2022\/03\/Calabacin-en-el-huerto-ecologico-1024x576.jpg?resize=525%2C295&#038;ssl=1\" alt=\"Calabac\u00edn en el huerto ecol\u00f3gico\" class=\"wp-image-9168\" srcset=\"https:\/\/i0.wp.com\/shopcanarias.es\/wp-content\/uploads\/2022\/03\/Calabacin-en-el-huerto-ecologico-scaled.jpg?resize=1024%2C576&amp;ssl=1 1024w, https:\/\/i0.wp.com\/shopcanarias.es\/wp-content\/uploads\/2022\/03\/Calabacin-en-el-huerto-ecologico-scaled.jpg?resize=300%2C169&amp;ssl=1 300w, https:\/\/i0.wp.com\/shopcanarias.es\/wp-content\/uploads\/2022\/03\/Calabacin-en-el-huerto-ecologico-scaled.jpg?resize=768%2C432&amp;ssl=1 768w, https:\/\/i0.wp.com\/shopcanarias.es\/wp-content\/uploads\/2022\/03\/Calabacin-en-el-huerto-ecologico-scaled.jpg?resize=1536%2C864&amp;ssl=1 1536w, https:\/\/i0.wp.com\/shopcanarias.es\/wp-content\/uploads\/2022\/03\/Calabacin-en-el-huerto-ecologico-scaled.jpg?resize=2048%2C1152&amp;ssl=1 2048w, https:\/\/i0.wp.com\/shopcanarias.es\/wp-content\/uploads\/2022\/03\/Calabacin-en-el-huerto-ecologico-scaled.jpg?resize=350%2C197&amp;ssl=1 350w\" \/><figcaption>Calabac\u00edn <\/figcaption><\/figure>\n\n\n\n<figure class=\"wp-block-image size-large\"><img data-recalc-dims=\"1\" loading=\"lazy\" decoding=\"async\" width=\"525\" height=\"295\" sizes=\"auto, (max-width: 767px) 89vw, (max-width: 1000px) 54vw, (max-width: 1071px) 543px, 580px\" data-id=\"9216\" src=\"https:\/\/i0.wp.com\/shopcanarias.es\/wp-content\/uploads\/2022\/03\/Tomates-rojos-en-el-huerto-ecologico-1024x576.jpg?resize=525%2C295&#038;ssl=1\" alt=\"Tomates rojos en el huerto ecol\u00f3gico\" class=\"wp-image-9216\" srcset=\"https:\/\/i0.wp.com\/shopcanarias.es\/wp-content\/uploads\/2022\/03\/Tomates-rojos-en-el-huerto-ecologico-scaled.jpg?resize=1024%2C576&amp;ssl=1 1024w, https:\/\/i0.wp.com\/shopcanarias.es\/wp-content\/uploads\/2022\/03\/Tomates-rojos-en-el-huerto-ecologico-scaled.jpg?resize=300%2C169&amp;ssl=1 300w, https:\/\/i0.wp.com\/shopcanarias.es\/wp-content\/uploads\/2022\/03\/Tomates-rojos-en-el-huerto-ecologico-scaled.jpg?resize=768%2C432&amp;ssl=1 768w, https:\/\/i0.wp.com\/shopcanarias.es\/wp-content\/uploads\/2022\/03\/Tomates-rojos-en-el-huerto-ecologico-scaled.jpg?resize=1536%2C864&amp;ssl=1 1536w, https:\/\/i0.wp.com\/shopcanarias.es\/wp-content\/uploads\/2022\/03\/Tomates-rojos-en-el-huerto-ecologico-scaled.jpg?resize=2048%2C1152&amp;ssl=1 2048w, https:\/\/i0.wp.com\/shopcanarias.es\/wp-content\/uploads\/2022\/03\/Tomates-rojos-en-el-huerto-ecologico-scaled.jpg?resize=350%2C197&amp;ssl=1 350w\" \/><figcaption>Tomates rojos<\/figcaption><\/figure>\n\n\n\n<figure class=\"wp-block-image size-medium\"><img data-recalc-dims=\"1\" loading=\"lazy\" decoding=\"async\" width=\"525\" height=\"295\" sizes=\"auto, (max-width: 767px) 89vw, (max-width: 1000px) 54vw, (max-width: 1071px) 543px, 580px\" data-id=\"9100\" src=\"https:\/\/i0.wp.com\/shopcanarias.es\/wp-content\/uploads\/2022\/03\/pepinos-del-huerto-ecologico-1-scaled.jpg?resize=525%2C295&#038;ssl=1\" alt=\"Pepinos del huerto ecol\u00f3gico\" class=\"wp-image-9100\" srcset=\"https:\/\/i0.wp.com\/shopcanarias.es\/wp-content\/uploads\/2022\/03\/pepinos-del-huerto-ecologico-1-scaled.jpg?w=2560&amp;ssl=1 2560w, https:\/\/i0.wp.com\/shopcanarias.es\/wp-content\/uploads\/2022\/03\/pepinos-del-huerto-ecologico-1-scaled.jpg?resize=300%2C169&amp;ssl=1 300w, https:\/\/i0.wp.com\/shopcanarias.es\/wp-content\/uploads\/2022\/03\/pepinos-del-huerto-ecologico-1-scaled.jpg?resize=1024%2C576&amp;ssl=1 1024w, https:\/\/i0.wp.com\/shopcanarias.es\/wp-content\/uploads\/2022\/03\/pepinos-del-huerto-ecologico-1-scaled.jpg?resize=768%2C432&amp;ssl=1 768w, https:\/\/i0.wp.com\/shopcanarias.es\/wp-content\/uploads\/2022\/03\/pepinos-del-huerto-ecologico-1-scaled.jpg?resize=1536%2C864&amp;ssl=1 1536w, https:\/\/i0.wp.com\/shopcanarias.es\/wp-content\/uploads\/2022\/03\/pepinos-del-huerto-ecologico-1-scaled.jpg?resize=2048%2C1152&amp;ssl=1 2048w, https:\/\/i0.wp.com\/shopcanarias.es\/wp-content\/uploads\/2022\/03\/pepinos-del-huerto-ecologico-1-scaled.jpg?resize=350%2C197&amp;ssl=1 350w\" \/><figcaption> Pepinos<\/figcaption><\/figure>\n<\/figure>\n<\/div><\/div>\n\n\n\n<p>De forma similar detectaremos el tama\u00f1o adecuado de las hojas de la lechuga, la col kale, el apio, la acelga, la espinaca, la col, la albahaca, el perejil, el or\u00e9gano y el cilantro. <\/p>\n\n\n\n<figure class=\"wp-block-gallery has-nested-images columns-default is-cropped wp-block-gallery-9 is-layout-flex wp-block-gallery-is-layout-flex\">\n<figure class=\"wp-block-image size-large is-style-default\"><img data-recalc-dims=\"1\" loading=\"lazy\" decoding=\"async\" width=\"525\" height=\"295\" sizes=\"auto, (max-width: 767px) 89vw, (max-width: 1000px) 54vw, (max-width: 1071px) 543px, 580px\" data-id=\"8983\" src=\"https:\/\/i0.wp.com\/shopcanarias.es\/wp-content\/uploads\/2022\/03\/col-kale-del-huerto-ecologico-1.jpg?resize=525%2C295&#038;ssl=1\" alt=\"Col Kale del huerto ecol\u00f3gico\" class=\"wp-image-8983\" srcset=\"https:\/\/i0.wp.com\/shopcanarias.es\/wp-content\/uploads\/2022\/03\/col-kale-del-huerto-ecologico-1-scaled.jpg?resize=1024%2C576&amp;ssl=1 1024w, https:\/\/i0.wp.com\/shopcanarias.es\/wp-content\/uploads\/2022\/03\/col-kale-del-huerto-ecologico-1-scaled.jpg?resize=300%2C169&amp;ssl=1 300w, https:\/\/i0.wp.com\/shopcanarias.es\/wp-content\/uploads\/2022\/03\/col-kale-del-huerto-ecologico-1-scaled.jpg?resize=768%2C432&amp;ssl=1 768w, https:\/\/i0.wp.com\/shopcanarias.es\/wp-content\/uploads\/2022\/03\/col-kale-del-huerto-ecologico-1-scaled.jpg?resize=1536%2C864&amp;ssl=1 1536w, https:\/\/i0.wp.com\/shopcanarias.es\/wp-content\/uploads\/2022\/03\/col-kale-del-huerto-ecologico-1-scaled.jpg?resize=2048%2C1152&amp;ssl=1 2048w, https:\/\/i0.wp.com\/shopcanarias.es\/wp-content\/uploads\/2022\/03\/col-kale-del-huerto-ecologico-1-scaled.jpg?resize=350%2C197&amp;ssl=1 350w\" \/><figcaption> Col Kale<\/figcaption><\/figure>\n\n\n\n<figure class=\"wp-block-image size-medium\"><img data-recalc-dims=\"1\" loading=\"lazy\" decoding=\"async\" width=\"525\" height=\"295\" sizes=\"auto, (max-width: 767px) 89vw, (max-width: 1000px) 54vw, (max-width: 1071px) 543px, 580px\" data-id=\"8927\" src=\"https:\/\/i0.wp.com\/shopcanarias.es\/wp-content\/uploads\/2022\/03\/lechugas-del-huerto-ecologico-scaled.jpg?resize=525%2C295&#038;ssl=1\" alt=\"Lechugas del huerto ecol\u00f3gico\" class=\"wp-image-8927\" srcset=\"https:\/\/i0.wp.com\/shopcanarias.es\/wp-content\/uploads\/2022\/03\/lechugas-del-huerto-ecologico-scaled.jpg?w=2560&amp;ssl=1 2560w, https:\/\/i0.wp.com\/shopcanarias.es\/wp-content\/uploads\/2022\/03\/lechugas-del-huerto-ecologico-scaled.jpg?resize=300%2C169&amp;ssl=1 300w, https:\/\/i0.wp.com\/shopcanarias.es\/wp-content\/uploads\/2022\/03\/lechugas-del-huerto-ecologico-scaled.jpg?resize=1024%2C576&amp;ssl=1 1024w, https:\/\/i0.wp.com\/shopcanarias.es\/wp-content\/uploads\/2022\/03\/lechugas-del-huerto-ecologico-scaled.jpg?resize=768%2C432&amp;ssl=1 768w, https:\/\/i0.wp.com\/shopcanarias.es\/wp-content\/uploads\/2022\/03\/lechugas-del-huerto-ecologico-scaled.jpg?resize=1536%2C864&amp;ssl=1 1536w, https:\/\/i0.wp.com\/shopcanarias.es\/wp-content\/uploads\/2022\/03\/lechugas-del-huerto-ecologico-scaled.jpg?resize=2048%2C1152&amp;ssl=1 2048w, https:\/\/i0.wp.com\/shopcanarias.es\/wp-content\/uploads\/2022\/03\/lechugas-del-huerto-ecologico-scaled.jpg?resize=350%2C197&amp;ssl=1 350w\" \/><figcaption> Lechugas<\/figcaption><\/figure>\n\n\n\n<figure class=\"wp-block-image size-medium\"><img data-recalc-dims=\"1\" loading=\"lazy\" decoding=\"async\" width=\"525\" height=\"295\" sizes=\"auto, (max-width: 767px) 89vw, (max-width: 1000px) 54vw, (max-width: 1071px) 543px, 580px\" data-id=\"8977\" src=\"https:\/\/i0.wp.com\/shopcanarias.es\/wp-content\/uploads\/2022\/03\/acelgas-del-huerto-ecologico-scaled.jpg?resize=525%2C295&#038;ssl=1\" alt=\"Acelgas del huerto ecol\u00f3gico\" class=\"wp-image-8977\" srcset=\"https:\/\/i0.wp.com\/shopcanarias.es\/wp-content\/uploads\/2022\/03\/acelgas-del-huerto-ecologico-scaled.jpg?w=2560&amp;ssl=1 2560w, https:\/\/i0.wp.com\/shopcanarias.es\/wp-content\/uploads\/2022\/03\/acelgas-del-huerto-ecologico-scaled.jpg?resize=300%2C169&amp;ssl=1 300w, https:\/\/i0.wp.com\/shopcanarias.es\/wp-content\/uploads\/2022\/03\/acelgas-del-huerto-ecologico-scaled.jpg?resize=1024%2C576&amp;ssl=1 1024w, https:\/\/i0.wp.com\/shopcanarias.es\/wp-content\/uploads\/2022\/03\/acelgas-del-huerto-ecologico-scaled.jpg?resize=768%2C432&amp;ssl=1 768w, https:\/\/i0.wp.com\/shopcanarias.es\/wp-content\/uploads\/2022\/03\/acelgas-del-huerto-ecologico-scaled.jpg?resize=1536%2C864&amp;ssl=1 1536w, https:\/\/i0.wp.com\/shopcanarias.es\/wp-content\/uploads\/2022\/03\/acelgas-del-huerto-ecologico-scaled.jpg?resize=2048%2C1152&amp;ssl=1 2048w, https:\/\/i0.wp.com\/shopcanarias.es\/wp-content\/uploads\/2022\/03\/acelgas-del-huerto-ecologico-scaled.jpg?resize=350%2C197&amp;ssl=1 350w\" \/><figcaption>  Acelgas<\/figcaption><\/figure>\n<\/figure>\n\n\n\n<h2 class=\"wp-block-heading\"><span class=\"ez-toc-section\" id=\"Resultado-de-las-recolectas\"><\/span>Resultado de las recolectas<span class=\"ez-toc-section-end\"><\/span><\/h2>\n\n\n\n<h3 class=\"wp-block-heading\"><span class=\"ez-toc-section\" id=\"Resultado-de-la-primera-recolecta\"><\/span>Resultado de la primera recolecta<span class=\"ez-toc-section-end\"><\/span><\/h3>\n\n\n\n<p>De la primera remesa, creci\u00f3 todo lo que plantamos menos; la acelga, la espinaca, el berro, el br\u00f3coli, el puerro, el apio, las jud\u00edas (que se las comieron los ratones entre otras verduras), la luffa, la chayota o chayote, y el pimiento que se sec\u00f3 aunque lo trasplantamos con fruto. La albahaca despu\u00e9s de cinco meses parece que coge fuerza.<\/p>\n\n\n\n<figure class=\"wp-block-image size-medium is-style-rounded\"><img data-recalc-dims=\"1\" loading=\"lazy\" decoding=\"async\" width=\"300\" height=\"169\" sizes=\"auto, (max-width: 767px) 89vw, (max-width: 1000px) 54vw, (max-width: 1071px) 543px, 580px\" src=\"https:\/\/i0.wp.com\/shopcanarias.es\/wp-content\/uploads\/2022\/03\/albahaca-creciendo-de-semilla-ecologica-300x169.jpg?resize=300%2C169&#038;ssl=1\" alt=\"albahaca creciendo de semilla ecol\u00f3gica\" class=\"wp-image-8612\" srcset=\"https:\/\/i0.wp.com\/shopcanarias.es\/wp-content\/uploads\/2022\/03\/albahaca-creciendo-de-semilla-ecologica-scaled.jpg?resize=300%2C169&amp;ssl=1 300w, https:\/\/i0.wp.com\/shopcanarias.es\/wp-content\/uploads\/2022\/03\/albahaca-creciendo-de-semilla-ecologica-scaled.jpg?resize=1024%2C576&amp;ssl=1 1024w, https:\/\/i0.wp.com\/shopcanarias.es\/wp-content\/uploads\/2022\/03\/albahaca-creciendo-de-semilla-ecologica-scaled.jpg?resize=768%2C432&amp;ssl=1 768w, https:\/\/i0.wp.com\/shopcanarias.es\/wp-content\/uploads\/2022\/03\/albahaca-creciendo-de-semilla-ecologica-scaled.jpg?resize=1536%2C864&amp;ssl=1 1536w, https:\/\/i0.wp.com\/shopcanarias.es\/wp-content\/uploads\/2022\/03\/albahaca-creciendo-de-semilla-ecologica-scaled.jpg?resize=2048%2C1152&amp;ssl=1 2048w, https:\/\/i0.wp.com\/shopcanarias.es\/wp-content\/uploads\/2022\/03\/albahaca-creciendo-de-semilla-ecologica-scaled.jpg?resize=350%2C197&amp;ssl=1 350w\" \/><figcaption>Albahaca creciendo de semilla ecol\u00f3gica<\/figcaption><\/figure>\n\n\n\n<p>La soluci\u00f3n ecol\u00f3gica para los ratones deber\u00eda haber sido llevar un gato \ud83d\udc31 al huerto, pero al contrario llevaron un cachorro de perro pastor de cabras. As\u00ed y todo algunos ratones cogi\u00f3.  <\/p>\n\n\n\n<figure class=\"wp-block-image size-medium is-style-rounded\"><img data-recalc-dims=\"1\" loading=\"lazy\" decoding=\"async\" width=\"300\" height=\"169\" sizes=\"auto, (max-width: 767px) 89vw, (max-width: 1000px) 54vw, (max-width: 1071px) 543px, 580px\" src=\"https:\/\/i0.wp.com\/shopcanarias.es\/wp-content\/uploads\/2022\/03\/hueco-en-la-paja-hecho-por-ratones.jpg?resize=300%2C169&#038;ssl=1\" alt=\"hueco en la paja hecho por ratones\" class=\"wp-image-8618\" srcset=\"https:\/\/i0.wp.com\/shopcanarias.es\/wp-content\/uploads\/2022\/03\/hueco-en-la-paja-hecho-por-ratones-scaled.jpg?resize=300%2C169&amp;ssl=1 300w, https:\/\/i0.wp.com\/shopcanarias.es\/wp-content\/uploads\/2022\/03\/hueco-en-la-paja-hecho-por-ratones-scaled.jpg?resize=1024%2C576&amp;ssl=1 1024w, https:\/\/i0.wp.com\/shopcanarias.es\/wp-content\/uploads\/2022\/03\/hueco-en-la-paja-hecho-por-ratones-scaled.jpg?resize=768%2C432&amp;ssl=1 768w, https:\/\/i0.wp.com\/shopcanarias.es\/wp-content\/uploads\/2022\/03\/hueco-en-la-paja-hecho-por-ratones-scaled.jpg?resize=1536%2C864&amp;ssl=1 1536w, https:\/\/i0.wp.com\/shopcanarias.es\/wp-content\/uploads\/2022\/03\/hueco-en-la-paja-hecho-por-ratones-scaled.jpg?resize=2048%2C1152&amp;ssl=1 2048w, https:\/\/i0.wp.com\/shopcanarias.es\/wp-content\/uploads\/2022\/03\/hueco-en-la-paja-hecho-por-ratones-scaled.jpg?resize=350%2C197&amp;ssl=1 350w\" \/><figcaption>Hueco en la paja hecho por ratones<\/figcaption><\/figure>\n\n\n\n<p>Las zanahorias \ud83e\udd55 aunque crecen, lo hacen muy despacio, por no decir lentas como una tortuga \ud83d\udc22 . Llevan cinco meses creciendo y las cultivamos en bancal elevado, pero cuando las recolecto parecen zanahorias baby. <\/p>\n\n\n\n<figure class=\"wp-block-image size-medium is-style-rounded\"><img data-recalc-dims=\"1\" loading=\"lazy\" decoding=\"async\" width=\"300\" height=\"169\" sizes=\"auto, (max-width: 767px) 89vw, (max-width: 1000px) 54vw, (max-width: 1071px) 543px, 580px\" src=\"https:\/\/i0.wp.com\/shopcanarias.es\/wp-content\/uploads\/2022\/03\/zanahorias-de-semilla-ecologica-del-huerto-ecologico-300x169.jpg?resize=300%2C169&#038;ssl=1\" alt=\"Zanahorias de semilla ecol\u00f3gica despu\u00e9s de cinco meses cultivadas en bancal elevado en el huerto ecol\u00f3gico\" class=\"wp-image-9106\" srcset=\"https:\/\/i0.wp.com\/shopcanarias.es\/wp-content\/uploads\/2022\/03\/zanahorias-de-semilla-ecologica-del-huerto-ecologico-scaled.jpg?resize=300%2C169&amp;ssl=1 300w, https:\/\/i0.wp.com\/shopcanarias.es\/wp-content\/uploads\/2022\/03\/zanahorias-de-semilla-ecologica-del-huerto-ecologico-scaled.jpg?resize=1024%2C576&amp;ssl=1 1024w, https:\/\/i0.wp.com\/shopcanarias.es\/wp-content\/uploads\/2022\/03\/zanahorias-de-semilla-ecologica-del-huerto-ecologico-scaled.jpg?resize=768%2C432&amp;ssl=1 768w, https:\/\/i0.wp.com\/shopcanarias.es\/wp-content\/uploads\/2022\/03\/zanahorias-de-semilla-ecologica-del-huerto-ecologico-scaled.jpg?resize=1536%2C864&amp;ssl=1 1536w, https:\/\/i0.wp.com\/shopcanarias.es\/wp-content\/uploads\/2022\/03\/zanahorias-de-semilla-ecologica-del-huerto-ecologico-scaled.jpg?resize=2048%2C1152&amp;ssl=1 2048w, https:\/\/i0.wp.com\/shopcanarias.es\/wp-content\/uploads\/2022\/03\/zanahorias-de-semilla-ecologica-del-huerto-ecologico-scaled.jpg?resize=350%2C197&amp;ssl=1 350w\" \/><figcaption>Zanahorias de semilla ecol\u00f3gica despu\u00e9s de cinco meses cultivadas en bancal elevado en el huerto ecol\u00f3gico<\/figcaption><\/figure>\n\n\n\n<p>Aparte, las fresas que trasplantamos en el huerto salieron cuatro meses m\u00e1s tarde, y eso que la llevamos desde casa con fruto. <\/p>\n\n\n\n<figure class=\"wp-block-image size-medium is-style-rounded\"><img data-recalc-dims=\"1\" loading=\"lazy\" decoding=\"async\" width=\"300\" height=\"169\" sizes=\"auto, (max-width: 767px) 89vw, (max-width: 1000px) 54vw, (max-width: 1071px) 543px, 580px\" src=\"https:\/\/i0.wp.com\/shopcanarias.es\/wp-content\/uploads\/2022\/03\/fresas-del-huerto-ecologico-300x169.jpg?resize=300%2C169&#038;ssl=1\" alt=\"Fresas del huerto ecol\u00f3gico\" class=\"wp-image-9001\" srcset=\"https:\/\/i0.wp.com\/shopcanarias.es\/wp-content\/uploads\/2022\/03\/fresas-del-huerto-ecologico-scaled.jpg?resize=300%2C169&amp;ssl=1 300w, https:\/\/i0.wp.com\/shopcanarias.es\/wp-content\/uploads\/2022\/03\/fresas-del-huerto-ecologico-scaled.jpg?resize=1024%2C576&amp;ssl=1 1024w, https:\/\/i0.wp.com\/shopcanarias.es\/wp-content\/uploads\/2022\/03\/fresas-del-huerto-ecologico-scaled.jpg?resize=768%2C432&amp;ssl=1 768w, https:\/\/i0.wp.com\/shopcanarias.es\/wp-content\/uploads\/2022\/03\/fresas-del-huerto-ecologico-scaled.jpg?resize=1536%2C864&amp;ssl=1 1536w, https:\/\/i0.wp.com\/shopcanarias.es\/wp-content\/uploads\/2022\/03\/fresas-del-huerto-ecologico-scaled.jpg?resize=2048%2C1152&amp;ssl=1 2048w, https:\/\/i0.wp.com\/shopcanarias.es\/wp-content\/uploads\/2022\/03\/fresas-del-huerto-ecologico-scaled.jpg?resize=350%2C197&amp;ssl=1 350w\" \/><figcaption>Fresas del huerto ecol\u00f3gico<\/figcaption><\/figure>\n\n\n\n<h3 class=\"wp-block-heading\"><span class=\"ez-toc-section\" id=\"Resultado-de-la-segunda-recolecta\"><\/span>Resultado de la segunda recolecta<span class=\"ez-toc-section-end\"><\/span><\/h3>\n\n\n\n<p>De la segunda remesa est\u00e1n saliendo las papas o patatas, y llevamos un par de meses recolectando la col kale. De la tercera remesa, creci\u00f3 todo lo que plantamos menos las habichuelas, porque creo que se las volvieron a comer los ratones. No obstante, el apio y el br\u00f3coli \ud83e\udd66 parece que crecen a c\u00e1mara lenta.<\/p>\n\n\n\n<p>De las pl\u00e1ntulas de br\u00f3coli, pasado un mes, trasplant\u00e9 5 de ellas a la ubicaci\u00f3n donde nunca crecieron los puerros de semilla ecol\u00f3gica. Sorprendentemente, la pl\u00e1ntula que m\u00e1s ha crecido es la que recibe menos horas de sol, y la que dispone de menor volumen de tierra, al lado de las alcachofas.<\/p>\n\n\n\n<figure class=\"wp-block-image size-medium is-style-rounded\"><img data-recalc-dims=\"1\" loading=\"lazy\" decoding=\"async\" width=\"300\" height=\"169\" sizes=\"auto, (max-width: 767px) 89vw, (max-width: 1000px) 54vw, (max-width: 1071px) 543px, 580px\" src=\"https:\/\/i0.wp.com\/shopcanarias.es\/wp-content\/uploads\/2022\/03\/planta-de-la-alcachofa-del-huerto-ecologico-300x169.jpg?resize=300%2C169&#038;ssl=1\" alt=\"Planta de la alcachofa del huerto ecol\u00f3gico\" class=\"wp-image-8939\" srcset=\"https:\/\/i0.wp.com\/shopcanarias.es\/wp-content\/uploads\/2022\/03\/planta-de-la-alcachofa-del-huerto-ecologico-scaled.jpg?resize=300%2C169&amp;ssl=1 300w, https:\/\/i0.wp.com\/shopcanarias.es\/wp-content\/uploads\/2022\/03\/planta-de-la-alcachofa-del-huerto-ecologico-scaled.jpg?resize=1024%2C576&amp;ssl=1 1024w, https:\/\/i0.wp.com\/shopcanarias.es\/wp-content\/uploads\/2022\/03\/planta-de-la-alcachofa-del-huerto-ecologico-scaled.jpg?resize=768%2C432&amp;ssl=1 768w, https:\/\/i0.wp.com\/shopcanarias.es\/wp-content\/uploads\/2022\/03\/planta-de-la-alcachofa-del-huerto-ecologico-scaled.jpg?resize=1536%2C864&amp;ssl=1 1536w, https:\/\/i0.wp.com\/shopcanarias.es\/wp-content\/uploads\/2022\/03\/planta-de-la-alcachofa-del-huerto-ecologico-scaled.jpg?resize=2048%2C1152&amp;ssl=1 2048w, https:\/\/i0.wp.com\/shopcanarias.es\/wp-content\/uploads\/2022\/03\/planta-de-la-alcachofa-del-huerto-ecologico-scaled.jpg?resize=350%2C197&amp;ssl=1 350w\" \/><figcaption>Br\u00f3coli al lado de la alcachofa en el huerto ecol\u00f3gico<\/figcaption><\/figure>\n\n\n\n<h2 class=\"wp-block-heading\" id=\"dinero-invertido-en-el-huerto-ecologico\"><span class=\"ez-toc-section\" id=\"Dinero-invertido-en-el-huerto-ecologico\"><\/span>Dinero invertido en el huerto ecol\u00f3gico<span class=\"ez-toc-section-end\"><\/span><\/h2>\n\n\n\n<p>Acerca de la inversi\u00f3n econ\u00f3mica, calculo casi 500\u20ac en cinco meses, por lo que con un gasto de unos 100\u20ac mensuales podemos sembrar cada mes nuevas semillas ecol\u00f3gicas o pl\u00e1ntulas.<\/p>\n\n\n\n<p>No incluyo el gasto de gasolina, porque el huerto ecol\u00f3gico est\u00e1 de camino entre el colegio y nuestra casa, y porque aparco cerca de la carretera.<\/p>\n\n\n\n<p>A\u00f1ado en la tabla siguiente el desglose del gasto total;<\/p>\n\n\n\n<figure class=\"wp-block-table\"><table><tbody><tr><td><strong>CONCEPTO<\/strong><\/td><td><strong>euros<\/strong><\/td><td><strong>%<\/strong><\/td><\/tr><tr><td><em>alquiler<\/em> (62\u20ac\/mes)<\/td><td>310<\/td><td>63%<\/td><\/tr><tr><td><em>paja<\/em><\/td><td>12<\/td><td>2%<\/td><\/tr><tr><td><em>diatomea<\/em><\/td><td>10<\/td><td>2%<\/td><\/tr><tr><td><em>azufradora para diatomea<\/em><\/td><td>5<\/td><td>1%<\/td><\/tr><tr><td><em>semillas ecol\u00f3gicas<\/em><\/td><td>33<\/td><td>7%<\/td><\/tr><tr><td><em>papas de semilla<\/em><\/td><td>6<\/td><td>1%<\/td><\/tr><tr><td><em>pl\u00e1ntulas<\/em><\/td><td>41<\/td><td>8%<\/td><\/tr><tr><td><em>frutales<\/em><\/td><td>45<\/td><td>9%<\/td><\/tr><tr><td><em>pulverizador<\/em><\/td><td>2<\/td><td>0%<\/td><\/tr><tr><td><em>guantes<\/em><\/td><td>9<\/td><td>2%<\/td><\/tr><tr><td><em>hilo grueso<\/em><\/td><td>1<\/td><td>0%<\/td><\/tr><tr><td><em>tijeras de podar<\/em><\/td><td>7<\/td><td>1%<\/td><\/tr><tr><td><em>rastrillo peque\u00f1o de mano<\/em><\/td><td>4<\/td><td>1%<\/td><\/tr><tr><td><em>regadera<\/em><\/td><td>7<\/td><td>1%<\/td><\/tr><tr><td><strong>total<\/strong><\/td><td>492<\/td><td>&nbsp;<\/td><\/tr><\/tbody><\/table><\/figure>\n\n\n\n<h2 class=\"wp-block-heading\"><span class=\"ez-toc-section\" id=\"Consejos-y-trucos-para-el-huerto-ecologico\"><\/span>Consejos y trucos para el huerto ecol\u00f3gico<span class=\"ez-toc-section-end\"><\/span><\/h2>\n\n\n\n<h3 class=\"wp-block-heading\"><span class=\"ez-toc-section\" id=\"Para-abonar\"><\/span>Para abonar<span class=\"ez-toc-section-end\"><\/span><\/h3>\n\n\n\n<p>Primero que nada, nos recomendaron el uso de diatomea que es un producto ecol\u00f3gico de algas, para desinfectar la tierra y como abono. Lo usamos s\u00f3lo la primera vez que sembramos una planta. Nos aconsejaron comprar una azufrera, para esparcir poca cantidad de diatomea y distribuirla de manera homog\u00e9nea en la tierra. Si no se consigue una azufrera, entonces podemos usar la \u00abalcachofa\u00bb de la regadera para hacerlo (la parte por donde sale el agua).<\/p>\n\n\n\n<p>En el huerto urbano en casa hemos usado guano ecol\u00f3gico de ave para abonar, s\u00f3lo en la primera siembra. Y en el huerto en el campo, nos regalaron virutas de fertilizante ecol\u00f3gico para acompa\u00f1ar a la diatomea al sembrar (s\u00f3lo unas cuantas virutas por planta y de nuevo s\u00f3lo la primera vez). <\/p>\n\n\n\n<p>La idea es que no estemos abonando continuamente la tierra, aunque he visto documentales de abono continuo con deshechos de madera bio tratada para bosques comestibles. Opino que la naturaleza debe actuar por su cuenta y en su justa medida, a pesar de que nosotros influyamos en ello poniendo por ejemplo un poco de abono al sembrar, y poniendo flores como la lavanda y cal\u00e9ndula entre las plantas, que sirven para polinizar.<\/p>\n\n\n\n<figure class=\"wp-block-gallery has-nested-images columns-default is-cropped wp-block-gallery-10 is-layout-flex wp-block-gallery-is-layout-flex\">\n<figure class=\"wp-block-image size-medium\"><img data-recalc-dims=\"1\" loading=\"lazy\" decoding=\"async\" width=\"525\" height=\"295\" sizes=\"auto, (max-width: 767px) 89vw, (max-width: 1000px) 54vw, (max-width: 1071px) 543px, 580px\" data-id=\"8815\" src=\"https:\/\/i0.wp.com\/shopcanarias.es\/wp-content\/uploads\/2022\/03\/lavanda-del-huerto-ecologico-scaled.jpg?resize=525%2C295&#038;ssl=1\" alt=\"lavanda del huerto ecol\u00f3gico\" class=\"wp-image-8815\" srcset=\"https:\/\/i0.wp.com\/shopcanarias.es\/wp-content\/uploads\/2022\/03\/lavanda-del-huerto-ecologico-scaled.jpg?w=2560&amp;ssl=1 2560w, https:\/\/i0.wp.com\/shopcanarias.es\/wp-content\/uploads\/2022\/03\/lavanda-del-huerto-ecologico-scaled.jpg?resize=300%2C169&amp;ssl=1 300w, https:\/\/i0.wp.com\/shopcanarias.es\/wp-content\/uploads\/2022\/03\/lavanda-del-huerto-ecologico-scaled.jpg?resize=1024%2C576&amp;ssl=1 1024w, https:\/\/i0.wp.com\/shopcanarias.es\/wp-content\/uploads\/2022\/03\/lavanda-del-huerto-ecologico-scaled.jpg?resize=768%2C432&amp;ssl=1 768w, https:\/\/i0.wp.com\/shopcanarias.es\/wp-content\/uploads\/2022\/03\/lavanda-del-huerto-ecologico-scaled.jpg?resize=1536%2C864&amp;ssl=1 1536w, https:\/\/i0.wp.com\/shopcanarias.es\/wp-content\/uploads\/2022\/03\/lavanda-del-huerto-ecologico-scaled.jpg?resize=2048%2C1152&amp;ssl=1 2048w, https:\/\/i0.wp.com\/shopcanarias.es\/wp-content\/uploads\/2022\/03\/lavanda-del-huerto-ecologico-scaled.jpg?resize=350%2C197&amp;ssl=1 350w\" \/><figcaption> Lavanda<\/figcaption><\/figure>\n\n\n\n<figure class=\"wp-block-image size-medium is-style-default\"><img data-recalc-dims=\"1\" loading=\"lazy\" decoding=\"async\" width=\"300\" height=\"169\" sizes=\"auto, (max-width: 767px) 89vw, (max-width: 1000px) 54vw, (max-width: 1071px) 543px, 580px\" data-id=\"8656\" src=\"https:\/\/i0.wp.com\/shopcanarias.es\/wp-content\/uploads\/2022\/03\/calendula-en-el-huerto-ecologico-300x169.jpg?resize=300%2C169&#038;ssl=1\" alt=\"cal\u00e9ndula en el huerto ecol\u00f3gico\" class=\"wp-image-8656\" srcset=\"https:\/\/i0.wp.com\/shopcanarias.es\/wp-content\/uploads\/2022\/03\/calendula-en-el-huerto-ecologico-scaled.jpg?resize=300%2C169&amp;ssl=1 300w, https:\/\/i0.wp.com\/shopcanarias.es\/wp-content\/uploads\/2022\/03\/calendula-en-el-huerto-ecologico-scaled.jpg?resize=1024%2C576&amp;ssl=1 1024w, https:\/\/i0.wp.com\/shopcanarias.es\/wp-content\/uploads\/2022\/03\/calendula-en-el-huerto-ecologico-scaled.jpg?resize=768%2C432&amp;ssl=1 768w, https:\/\/i0.wp.com\/shopcanarias.es\/wp-content\/uploads\/2022\/03\/calendula-en-el-huerto-ecologico-scaled.jpg?resize=1536%2C864&amp;ssl=1 1536w, https:\/\/i0.wp.com\/shopcanarias.es\/wp-content\/uploads\/2022\/03\/calendula-en-el-huerto-ecologico-scaled.jpg?resize=2048%2C1152&amp;ssl=1 2048w, https:\/\/i0.wp.com\/shopcanarias.es\/wp-content\/uploads\/2022\/03\/calendula-en-el-huerto-ecologico-scaled.jpg?resize=350%2C197&amp;ssl=1 350w\" \/><figcaption> Cal\u00e9ndula <\/figcaption><\/figure>\n<\/figure>\n\n\n\n<p>Otro ejemplo de abono puntual es la plantaci\u00f3n de girasoles, que abonan la tierra, antes de ser cosechada. Es una forma de maximizar los beneficios del barbecho. <\/p>\n\n\n\n<p>Y por supuesto se pueden usar otros abonos org\u00e1nicos como; <\/p>\n\n\n\n<ul class=\"wp-block-list\"><li>lombricom posta, <\/li><li>composta, <\/li><li>bocashi, <\/li><li>biol, <\/li><li>abono verde, <\/li><li>esti\u00e9rcol, etc.<\/li><\/ul>\n\n\n\n<h3 class=\"wp-block-heading\"><span class=\"ez-toc-section\" id=\"Simbiosis-de-verduras-y-flores-para-proteger-y-polinizar\"><\/span>Simbiosis de verduras y flores para proteger y polinizar<span class=\"ez-toc-section-end\"><\/span><\/h3>\n\n\n\n<p>Aparte, nos ense\u00f1aron a sembrar plantas arom\u00e1ticas y flores \ud83d\udc90  con las verduras, porque algunas ayudan a polinizar como el cilantro y el or\u00e9gano (nosotros tenemos plantado el canadiense que es carnoso), otras ayudan a espantar los bichos con su olor, otras a abonar la tierra, etc. <\/p>\n\n\n\n<figure class=\"wp-block-gallery has-nested-images columns-default is-cropped wp-block-gallery-11 is-layout-flex wp-block-gallery-is-layout-flex\">\n<figure class=\"wp-block-image size-medium\"><img data-recalc-dims=\"1\" loading=\"lazy\" decoding=\"async\" width=\"525\" height=\"295\" sizes=\"auto, (max-width: 767px) 89vw, (max-width: 1000px) 54vw, (max-width: 1071px) 543px, 580px\" data-id=\"8821\" src=\"https:\/\/i0.wp.com\/shopcanarias.es\/wp-content\/uploads\/2022\/03\/margaritas-del-huerto-ecologico-scaled.jpg?resize=525%2C295&#038;ssl=1\" alt=\"margaritas del huerto ecol\u00f3gico\" class=\"wp-image-8821\" srcset=\"https:\/\/i0.wp.com\/shopcanarias.es\/wp-content\/uploads\/2022\/03\/margaritas-del-huerto-ecologico-scaled.jpg?w=2560&amp;ssl=1 2560w, https:\/\/i0.wp.com\/shopcanarias.es\/wp-content\/uploads\/2022\/03\/margaritas-del-huerto-ecologico-scaled.jpg?resize=300%2C169&amp;ssl=1 300w, https:\/\/i0.wp.com\/shopcanarias.es\/wp-content\/uploads\/2022\/03\/margaritas-del-huerto-ecologico-scaled.jpg?resize=1024%2C576&amp;ssl=1 1024w, https:\/\/i0.wp.com\/shopcanarias.es\/wp-content\/uploads\/2022\/03\/margaritas-del-huerto-ecologico-scaled.jpg?resize=768%2C432&amp;ssl=1 768w, https:\/\/i0.wp.com\/shopcanarias.es\/wp-content\/uploads\/2022\/03\/margaritas-del-huerto-ecologico-scaled.jpg?resize=1536%2C864&amp;ssl=1 1536w, https:\/\/i0.wp.com\/shopcanarias.es\/wp-content\/uploads\/2022\/03\/margaritas-del-huerto-ecologico-scaled.jpg?resize=2048%2C1152&amp;ssl=1 2048w, https:\/\/i0.wp.com\/shopcanarias.es\/wp-content\/uploads\/2022\/03\/margaritas-del-huerto-ecologico-scaled.jpg?resize=350%2C197&amp;ssl=1 350w\" \/><figcaption> Margaritas<\/figcaption><\/figure>\n\n\n\n<figure class=\"wp-block-image size-medium\"><img data-recalc-dims=\"1\" loading=\"lazy\" decoding=\"async\" width=\"525\" height=\"295\" sizes=\"auto, (max-width: 767px) 89vw, (max-width: 1000px) 54vw, (max-width: 1071px) 543px, 580px\" data-id=\"8839\" src=\"https:\/\/i0.wp.com\/shopcanarias.es\/wp-content\/uploads\/2022\/03\/romero-del-huerto-ecologico-scaled.jpg?resize=525%2C295&#038;ssl=1\" alt=\"romero del huerto ecol\u00f3gico\" class=\"wp-image-8839\" srcset=\"https:\/\/i0.wp.com\/shopcanarias.es\/wp-content\/uploads\/2022\/03\/romero-del-huerto-ecologico-scaled.jpg?w=2560&amp;ssl=1 2560w, https:\/\/i0.wp.com\/shopcanarias.es\/wp-content\/uploads\/2022\/03\/romero-del-huerto-ecologico-scaled.jpg?resize=300%2C169&amp;ssl=1 300w, https:\/\/i0.wp.com\/shopcanarias.es\/wp-content\/uploads\/2022\/03\/romero-del-huerto-ecologico-scaled.jpg?resize=1024%2C576&amp;ssl=1 1024w, https:\/\/i0.wp.com\/shopcanarias.es\/wp-content\/uploads\/2022\/03\/romero-del-huerto-ecologico-scaled.jpg?resize=768%2C432&amp;ssl=1 768w, https:\/\/i0.wp.com\/shopcanarias.es\/wp-content\/uploads\/2022\/03\/romero-del-huerto-ecologico-scaled.jpg?resize=1536%2C864&amp;ssl=1 1536w, https:\/\/i0.wp.com\/shopcanarias.es\/wp-content\/uploads\/2022\/03\/romero-del-huerto-ecologico-scaled.jpg?resize=2048%2C1152&amp;ssl=1 2048w, https:\/\/i0.wp.com\/shopcanarias.es\/wp-content\/uploads\/2022\/03\/romero-del-huerto-ecologico-scaled.jpg?resize=350%2C197&amp;ssl=1 350w\" \/><figcaption> Romero<\/figcaption><\/figure>\n\n\n\n<figure class=\"wp-block-image size-medium\"><img data-recalc-dims=\"1\" loading=\"lazy\" decoding=\"async\" width=\"525\" height=\"295\" sizes=\"auto, (max-width: 767px) 89vw, (max-width: 1000px) 54vw, (max-width: 1071px) 543px, 580px\" data-id=\"8684\" src=\"https:\/\/i0.wp.com\/shopcanarias.es\/wp-content\/uploads\/2022\/03\/cilantro-en-flor-en-el-huerto-ecologico-scaled.jpg?resize=525%2C295&#038;ssl=1\" alt=\"cilantro en flor en el huerto ecol\u00f3gico\" class=\"wp-image-8684\" srcset=\"https:\/\/i0.wp.com\/shopcanarias.es\/wp-content\/uploads\/2022\/03\/cilantro-en-flor-en-el-huerto-ecologico-scaled.jpg?w=2560&amp;ssl=1 2560w, https:\/\/i0.wp.com\/shopcanarias.es\/wp-content\/uploads\/2022\/03\/cilantro-en-flor-en-el-huerto-ecologico-scaled.jpg?resize=300%2C169&amp;ssl=1 300w, https:\/\/i0.wp.com\/shopcanarias.es\/wp-content\/uploads\/2022\/03\/cilantro-en-flor-en-el-huerto-ecologico-scaled.jpg?resize=1024%2C576&amp;ssl=1 1024w, https:\/\/i0.wp.com\/shopcanarias.es\/wp-content\/uploads\/2022\/03\/cilantro-en-flor-en-el-huerto-ecologico-scaled.jpg?resize=768%2C432&amp;ssl=1 768w, https:\/\/i0.wp.com\/shopcanarias.es\/wp-content\/uploads\/2022\/03\/cilantro-en-flor-en-el-huerto-ecologico-scaled.jpg?resize=1536%2C864&amp;ssl=1 1536w, https:\/\/i0.wp.com\/shopcanarias.es\/wp-content\/uploads\/2022\/03\/cilantro-en-flor-en-el-huerto-ecologico-scaled.jpg?resize=2048%2C1152&amp;ssl=1 2048w, https:\/\/i0.wp.com\/shopcanarias.es\/wp-content\/uploads\/2022\/03\/cilantro-en-flor-en-el-huerto-ecologico-scaled.jpg?resize=350%2C197&amp;ssl=1 350w\" \/><figcaption> Cilantro en flor<\/figcaption><\/figure>\n\n\n\n<figure class=\"wp-block-image size-medium\"><img data-recalc-dims=\"1\" loading=\"lazy\" decoding=\"async\" width=\"525\" height=\"295\" sizes=\"auto, (max-width: 767px) 89vw, (max-width: 1000px) 54vw, (max-width: 1071px) 543px, 580px\" data-id=\"8827\" src=\"https:\/\/i0.wp.com\/shopcanarias.es\/wp-content\/uploads\/2022\/03\/oregano-canadiense-del-huerto-ecologico-scaled.jpg?resize=525%2C295&#038;ssl=1\" alt=\"or\u00e9gano canadiense del huerto ecol\u00f3gico\" class=\"wp-image-8827\" srcset=\"https:\/\/i0.wp.com\/shopcanarias.es\/wp-content\/uploads\/2022\/03\/oregano-canadiense-del-huerto-ecologico-scaled.jpg?w=2560&amp;ssl=1 2560w, https:\/\/i0.wp.com\/shopcanarias.es\/wp-content\/uploads\/2022\/03\/oregano-canadiense-del-huerto-ecologico-scaled.jpg?resize=300%2C169&amp;ssl=1 300w, https:\/\/i0.wp.com\/shopcanarias.es\/wp-content\/uploads\/2022\/03\/oregano-canadiense-del-huerto-ecologico-scaled.jpg?resize=1024%2C576&amp;ssl=1 1024w, https:\/\/i0.wp.com\/shopcanarias.es\/wp-content\/uploads\/2022\/03\/oregano-canadiense-del-huerto-ecologico-scaled.jpg?resize=768%2C432&amp;ssl=1 768w, https:\/\/i0.wp.com\/shopcanarias.es\/wp-content\/uploads\/2022\/03\/oregano-canadiense-del-huerto-ecologico-scaled.jpg?resize=1536%2C864&amp;ssl=1 1536w, https:\/\/i0.wp.com\/shopcanarias.es\/wp-content\/uploads\/2022\/03\/oregano-canadiense-del-huerto-ecologico-scaled.jpg?resize=2048%2C1152&amp;ssl=1 2048w, https:\/\/i0.wp.com\/shopcanarias.es\/wp-content\/uploads\/2022\/03\/oregano-canadiense-del-huerto-ecologico-scaled.jpg?resize=350%2C197&amp;ssl=1 350w\" \/><figcaption> Or\u00e9gano Canadiense<\/figcaption><\/figure>\n\n\n\n<figure class=\"wp-block-image size-medium\"><img data-recalc-dims=\"1\" loading=\"lazy\" decoding=\"async\" width=\"525\" height=\"295\" sizes=\"auto, (max-width: 767px) 89vw, (max-width: 1000px) 54vw, (max-width: 1071px) 543px, 580px\" data-id=\"8845\" src=\"https:\/\/i0.wp.com\/shopcanarias.es\/wp-content\/uploads\/2022\/03\/tagetes-del-huerto-ecologico-scaled.jpg?resize=525%2C295&#038;ssl=1\" alt=\"tagetes del huerto ecol\u00f3gico\" class=\"wp-image-8845\" srcset=\"https:\/\/i0.wp.com\/shopcanarias.es\/wp-content\/uploads\/2022\/03\/tagetes-del-huerto-ecologico-scaled.jpg?w=2560&amp;ssl=1 2560w, https:\/\/i0.wp.com\/shopcanarias.es\/wp-content\/uploads\/2022\/03\/tagetes-del-huerto-ecologico-scaled.jpg?resize=300%2C169&amp;ssl=1 300w, https:\/\/i0.wp.com\/shopcanarias.es\/wp-content\/uploads\/2022\/03\/tagetes-del-huerto-ecologico-scaled.jpg?resize=1024%2C576&amp;ssl=1 1024w, https:\/\/i0.wp.com\/shopcanarias.es\/wp-content\/uploads\/2022\/03\/tagetes-del-huerto-ecologico-scaled.jpg?resize=768%2C432&amp;ssl=1 768w, https:\/\/i0.wp.com\/shopcanarias.es\/wp-content\/uploads\/2022\/03\/tagetes-del-huerto-ecologico-scaled.jpg?resize=1536%2C864&amp;ssl=1 1536w, https:\/\/i0.wp.com\/shopcanarias.es\/wp-content\/uploads\/2022\/03\/tagetes-del-huerto-ecologico-scaled.jpg?resize=2048%2C1152&amp;ssl=1 2048w, https:\/\/i0.wp.com\/shopcanarias.es\/wp-content\/uploads\/2022\/03\/tagetes-del-huerto-ecologico-scaled.jpg?resize=350%2C197&amp;ssl=1 350w\" \/><figcaption> Tagetes <\/figcaption><\/figure>\n<\/figure>\n\n\n\n<p>Tenemos lavanda al lado de las alcachofas y de las remolachas, cal\u00e9ndula al lado de la coliflor y en varios sitios m\u00e1s, girasol \ud83c\udf3b al lado de las calabazas y del pepino, romero al lado de los r\u00e1banos, menta al lado de las fresas, y ajos y perejil ecol\u00f3gicos por todas partes.<\/p>\n\n\n\n<figure class=\"wp-block-image size-medium is-style-rounded\"><img data-recalc-dims=\"1\" loading=\"lazy\" decoding=\"async\" width=\"300\" height=\"169\" sizes=\"auto, (max-width: 767px) 89vw, (max-width: 1000px) 54vw, (max-width: 1071px) 543px, 580px\" src=\"https:\/\/i0.wp.com\/shopcanarias.es\/wp-content\/uploads\/2022\/03\/remolachas-del-huerto-ecologico-300x169.jpg?resize=300%2C169&#038;ssl=1\" alt=\"Remolachas del huerto ecol\u00f3gico\" class=\"wp-image-8951\" srcset=\"https:\/\/i0.wp.com\/shopcanarias.es\/wp-content\/uploads\/2022\/03\/remolachas-del-huerto-ecologico-scaled.jpg?resize=300%2C169&amp;ssl=1 300w, https:\/\/i0.wp.com\/shopcanarias.es\/wp-content\/uploads\/2022\/03\/remolachas-del-huerto-ecologico-scaled.jpg?resize=1024%2C576&amp;ssl=1 1024w, https:\/\/i0.wp.com\/shopcanarias.es\/wp-content\/uploads\/2022\/03\/remolachas-del-huerto-ecologico-scaled.jpg?resize=768%2C432&amp;ssl=1 768w, https:\/\/i0.wp.com\/shopcanarias.es\/wp-content\/uploads\/2022\/03\/remolachas-del-huerto-ecologico-scaled.jpg?resize=1536%2C864&amp;ssl=1 1536w, https:\/\/i0.wp.com\/shopcanarias.es\/wp-content\/uploads\/2022\/03\/remolachas-del-huerto-ecologico-scaled.jpg?resize=2048%2C1152&amp;ssl=1 2048w, https:\/\/i0.wp.com\/shopcanarias.es\/wp-content\/uploads\/2022\/03\/remolachas-del-huerto-ecologico-scaled.jpg?resize=350%2C197&amp;ssl=1 350w\" \/><figcaption>Remolachas del huerto ecol\u00f3gico con lavanda, or\u00e9gano y tagetes alrededor<\/figcaption><\/figure>\n\n\n\n<p>Un ejemplo de esto, es que nos ha ido fenomenal plantar ajo, perejil y cebolla junto con los tomates, que est\u00e1n sanos. Si bien en otras partes del huerto nos hemos encontrado ejemplares de chinche Arlequ\u00edn, chinche Nezara, y enfermedad de la mancha foliar en las coles.<\/p>\n\n\n\n<figure class=\"wp-block-gallery has-nested-images columns-default is-cropped wp-block-gallery-12 is-layout-flex wp-block-gallery-is-layout-flex\">\n<figure class=\"wp-block-image size-medium is-style-default\"><img data-recalc-dims=\"1\" loading=\"lazy\" decoding=\"async\" width=\"300\" height=\"193\" sizes=\"auto, (max-width: 767px) 89vw, (max-width: 1000px) 54vw, (max-width: 1071px) 543px, 580px\" data-id=\"8662\" src=\"https:\/\/i0.wp.com\/shopcanarias.es\/wp-content\/uploads\/2022\/03\/chinche-arlequin-en-el-huerto-ecologico-300x193.jpg?resize=300%2C193&#038;ssl=1\" alt=\"Chinche Arlequ\u00edn en el huerto ecol\u00f3gico\" class=\"wp-image-8662\" srcset=\"https:\/\/i0.wp.com\/shopcanarias.es\/wp-content\/uploads\/2022\/03\/chinche-arlequin-en-el-huerto-ecologico.jpg?resize=300%2C193&amp;ssl=1 300w, https:\/\/i0.wp.com\/shopcanarias.es\/wp-content\/uploads\/2022\/03\/chinche-arlequin-en-el-huerto-ecologico.jpg?resize=350%2C225&amp;ssl=1 350w, https:\/\/i0.wp.com\/shopcanarias.es\/wp-content\/uploads\/2022\/03\/chinche-arlequin-en-el-huerto-ecologico.jpg?w=554&amp;ssl=1 554w\" \/><figcaption> Chinche Arlequ\u00edn <\/figcaption><\/figure>\n\n\n\n<figure class=\"wp-block-image size-medium\"><img data-recalc-dims=\"1\" loading=\"lazy\" decoding=\"async\" width=\"525\" height=\"295\" sizes=\"auto, (max-width: 767px) 89vw, (max-width: 1000px) 54vw, (max-width: 1071px) 543px, 580px\" data-id=\"8749\" src=\"https:\/\/i0.wp.com\/shopcanarias.es\/wp-content\/uploads\/2022\/03\/chinche-nezara-del-huerto-ecologico-scaled.jpg?resize=525%2C295&#038;ssl=1\" alt=\"chinche Nezara del huerto ecol\u00f3gico\" class=\"wp-image-8749\" srcset=\"https:\/\/i0.wp.com\/shopcanarias.es\/wp-content\/uploads\/2022\/03\/chinche-nezara-del-huerto-ecologico-scaled.jpg?w=2560&amp;ssl=1 2560w, https:\/\/i0.wp.com\/shopcanarias.es\/wp-content\/uploads\/2022\/03\/chinche-nezara-del-huerto-ecologico-scaled.jpg?resize=300%2C169&amp;ssl=1 300w, https:\/\/i0.wp.com\/shopcanarias.es\/wp-content\/uploads\/2022\/03\/chinche-nezara-del-huerto-ecologico-scaled.jpg?resize=1024%2C576&amp;ssl=1 1024w, https:\/\/i0.wp.com\/shopcanarias.es\/wp-content\/uploads\/2022\/03\/chinche-nezara-del-huerto-ecologico-scaled.jpg?resize=768%2C432&amp;ssl=1 768w, https:\/\/i0.wp.com\/shopcanarias.es\/wp-content\/uploads\/2022\/03\/chinche-nezara-del-huerto-ecologico-scaled.jpg?resize=1536%2C864&amp;ssl=1 1536w, https:\/\/i0.wp.com\/shopcanarias.es\/wp-content\/uploads\/2022\/03\/chinche-nezara-del-huerto-ecologico-scaled.jpg?resize=2048%2C1152&amp;ssl=1 2048w, https:\/\/i0.wp.com\/shopcanarias.es\/wp-content\/uploads\/2022\/03\/chinche-nezara-del-huerto-ecologico-scaled.jpg?resize=350%2C197&amp;ssl=1 350w\" \/><figcaption> chinche Nezara <\/figcaption><\/figure>\n\n\n\n<figure class=\"wp-block-image size-medium\"><img data-recalc-dims=\"1\" loading=\"lazy\" decoding=\"async\" width=\"525\" height=\"295\" sizes=\"auto, (max-width: 767px) 89vw, (max-width: 1000px) 54vw, (max-width: 1071px) 543px, 580px\" data-id=\"8797\" src=\"https:\/\/i0.wp.com\/shopcanarias.es\/wp-content\/uploads\/2022\/03\/hoja-de-col-enferma-del-huerto-ecologico-scaled.jpg?resize=525%2C295&#038;ssl=1\" alt=\"hojas de col enferma del huerto ecol\u00f3gico\" class=\"wp-image-8797\" srcset=\"https:\/\/i0.wp.com\/shopcanarias.es\/wp-content\/uploads\/2022\/03\/hoja-de-col-enferma-del-huerto-ecologico-scaled.jpg?w=2560&amp;ssl=1 2560w, https:\/\/i0.wp.com\/shopcanarias.es\/wp-content\/uploads\/2022\/03\/hoja-de-col-enferma-del-huerto-ecologico-scaled.jpg?resize=300%2C169&amp;ssl=1 300w, https:\/\/i0.wp.com\/shopcanarias.es\/wp-content\/uploads\/2022\/03\/hoja-de-col-enferma-del-huerto-ecologico-scaled.jpg?resize=1024%2C576&amp;ssl=1 1024w, https:\/\/i0.wp.com\/shopcanarias.es\/wp-content\/uploads\/2022\/03\/hoja-de-col-enferma-del-huerto-ecologico-scaled.jpg?resize=768%2C432&amp;ssl=1 768w, https:\/\/i0.wp.com\/shopcanarias.es\/wp-content\/uploads\/2022\/03\/hoja-de-col-enferma-del-huerto-ecologico-scaled.jpg?resize=1536%2C864&amp;ssl=1 1536w, https:\/\/i0.wp.com\/shopcanarias.es\/wp-content\/uploads\/2022\/03\/hoja-de-col-enferma-del-huerto-ecologico-scaled.jpg?resize=2048%2C1152&amp;ssl=1 2048w, https:\/\/i0.wp.com\/shopcanarias.es\/wp-content\/uploads\/2022\/03\/hoja-de-col-enferma-del-huerto-ecologico-scaled.jpg?resize=350%2C197&amp;ssl=1 350w\" \/><figcaption> hojas con mancha foliar <\/figcaption><\/figure>\n\n\n\n<figure class=\"wp-block-image size-medium\"><img data-recalc-dims=\"1\" loading=\"lazy\" decoding=\"async\" width=\"525\" height=\"295\" sizes=\"auto, (max-width: 767px) 89vw, (max-width: 1000px) 54vw, (max-width: 1071px) 543px, 580px\" data-id=\"9156\" src=\"https:\/\/i0.wp.com\/shopcanarias.es\/wp-content\/uploads\/2022\/03\/Bicho-negro-en-el-huerto-ecologico-scaled.jpg?resize=525%2C295&#038;ssl=1\" alt=\"Bicho negro en el huerto ecol\u00f3gico\" class=\"wp-image-9156\" srcset=\"https:\/\/i0.wp.com\/shopcanarias.es\/wp-content\/uploads\/2022\/03\/Bicho-negro-en-el-huerto-ecologico-scaled.jpg?w=2560&amp;ssl=1 2560w, https:\/\/i0.wp.com\/shopcanarias.es\/wp-content\/uploads\/2022\/03\/Bicho-negro-en-el-huerto-ecologico-scaled.jpg?resize=300%2C169&amp;ssl=1 300w, https:\/\/i0.wp.com\/shopcanarias.es\/wp-content\/uploads\/2022\/03\/Bicho-negro-en-el-huerto-ecologico-scaled.jpg?resize=1024%2C576&amp;ssl=1 1024w, https:\/\/i0.wp.com\/shopcanarias.es\/wp-content\/uploads\/2022\/03\/Bicho-negro-en-el-huerto-ecologico-scaled.jpg?resize=768%2C432&amp;ssl=1 768w, https:\/\/i0.wp.com\/shopcanarias.es\/wp-content\/uploads\/2022\/03\/Bicho-negro-en-el-huerto-ecologico-scaled.jpg?resize=1536%2C864&amp;ssl=1 1536w, https:\/\/i0.wp.com\/shopcanarias.es\/wp-content\/uploads\/2022\/03\/Bicho-negro-en-el-huerto-ecologico-scaled.jpg?resize=2048%2C1152&amp;ssl=1 2048w, https:\/\/i0.wp.com\/shopcanarias.es\/wp-content\/uploads\/2022\/03\/Bicho-negro-en-el-huerto-ecologico-scaled.jpg?resize=350%2C197&amp;ssl=1 350w\" \/><figcaption>Bicho negro<\/figcaption><\/figure>\n\n\n\n<figure class=\"wp-block-image\"><img data-recalc-dims=\"1\" loading=\"lazy\" decoding=\"async\" width=\"525\" height=\"295\" sizes=\"auto, (max-width: 767px) 89vw, (max-width: 1000px) 54vw, (max-width: 1071px) 543px, 580px\" data-id=\"9528\" src=\"https:\/\/i0.wp.com\/shopcanarias.es\/wp-content\/uploads\/2022\/04\/Bicho-peludo-en-el-huerto-ecologico-scaled.jpg?resize=525%2C295&#038;ssl=1\" alt=\"Bicho peludo en el huerto ecol\u00f3gico\" class=\"wp-image-9528\" srcset=\"https:\/\/i0.wp.com\/shopcanarias.es\/wp-content\/uploads\/2022\/04\/Bicho-peludo-en-el-huerto-ecologico-scaled.jpg?w=2560&amp;ssl=1 2560w, https:\/\/i0.wp.com\/shopcanarias.es\/wp-content\/uploads\/2022\/04\/Bicho-peludo-en-el-huerto-ecologico-scaled.jpg?resize=300%2C169&amp;ssl=1 300w, https:\/\/i0.wp.com\/shopcanarias.es\/wp-content\/uploads\/2022\/04\/Bicho-peludo-en-el-huerto-ecologico-scaled.jpg?resize=1024%2C576&amp;ssl=1 1024w, https:\/\/i0.wp.com\/shopcanarias.es\/wp-content\/uploads\/2022\/04\/Bicho-peludo-en-el-huerto-ecologico-scaled.jpg?resize=768%2C432&amp;ssl=1 768w, https:\/\/i0.wp.com\/shopcanarias.es\/wp-content\/uploads\/2022\/04\/Bicho-peludo-en-el-huerto-ecologico-scaled.jpg?resize=1536%2C864&amp;ssl=1 1536w, https:\/\/i0.wp.com\/shopcanarias.es\/wp-content\/uploads\/2022\/04\/Bicho-peludo-en-el-huerto-ecologico-scaled.jpg?resize=2048%2C1152&amp;ssl=1 2048w, https:\/\/i0.wp.com\/shopcanarias.es\/wp-content\/uploads\/2022\/04\/Bicho-peludo-en-el-huerto-ecologico-scaled.jpg?resize=350%2C197&amp;ssl=1 350w\" \/><figcaption>Bicho peludo<\/figcaption><\/figure>\n\n\n\n<figure class=\"wp-block-image size-medium\"><img data-recalc-dims=\"1\" loading=\"lazy\" decoding=\"async\" width=\"525\" height=\"295\" sizes=\"auto, (max-width: 767px) 89vw, (max-width: 1000px) 54vw, (max-width: 1071px) 543px, 580px\" data-id=\"9162\" src=\"https:\/\/i0.wp.com\/shopcanarias.es\/wp-content\/uploads\/2022\/03\/Bicho-verde-en-el-huerto-ecologico-scaled.jpg?resize=525%2C295&#038;ssl=1\" alt=\"Bicho verde en el huerto ecol\u00f3gico\" class=\"wp-image-9162\" srcset=\"https:\/\/i0.wp.com\/shopcanarias.es\/wp-content\/uploads\/2022\/03\/Bicho-verde-en-el-huerto-ecologico-scaled.jpg?w=2560&amp;ssl=1 2560w, https:\/\/i0.wp.com\/shopcanarias.es\/wp-content\/uploads\/2022\/03\/Bicho-verde-en-el-huerto-ecologico-scaled.jpg?resize=300%2C169&amp;ssl=1 300w, https:\/\/i0.wp.com\/shopcanarias.es\/wp-content\/uploads\/2022\/03\/Bicho-verde-en-el-huerto-ecologico-scaled.jpg?resize=1024%2C576&amp;ssl=1 1024w, https:\/\/i0.wp.com\/shopcanarias.es\/wp-content\/uploads\/2022\/03\/Bicho-verde-en-el-huerto-ecologico-scaled.jpg?resize=768%2C432&amp;ssl=1 768w, https:\/\/i0.wp.com\/shopcanarias.es\/wp-content\/uploads\/2022\/03\/Bicho-verde-en-el-huerto-ecologico-scaled.jpg?resize=1536%2C864&amp;ssl=1 1536w, https:\/\/i0.wp.com\/shopcanarias.es\/wp-content\/uploads\/2022\/03\/Bicho-verde-en-el-huerto-ecologico-scaled.jpg?resize=2048%2C1152&amp;ssl=1 2048w, https:\/\/i0.wp.com\/shopcanarias.es\/wp-content\/uploads\/2022\/03\/Bicho-verde-en-el-huerto-ecologico-scaled.jpg?resize=350%2C197&amp;ssl=1 350w\" \/><figcaption>Bicho verde<\/figcaption><\/figure>\n<\/figure>\n\n\n\n<p><\/p>\n\n\n\n<p>Otras plantas polinizadoras que podemos usar son; <\/p>\n\n\n\n<ul class=\"wp-block-list\"><li>cosmos, <\/li><li>zinnia, <\/li><li>aster, <\/li><li>amapola, <\/li><li>alyssum, <\/li><li>borraja, <\/li><li>equin\u00e1cea, <\/li><li>salvia, <\/li><li>topinambur, <\/li><li>tomillo, <\/li><li>hinojo, <\/li><li>azafr\u00e1n, etc.<\/li><\/ul>\n\n\n\n<p>Un truco para saber que tu huerto est\u00e1 sano y permanece ecol\u00f3gico es ver bichos, mariposas, abejas, grillos, ortigas, mariquitas, etc. Todo lo que podamos aprender en cursos de permacultura nos ser\u00e1 \u00fatil en este sentido. <\/p>\n\n\n\n<figure class=\"wp-block-gallery has-nested-images columns-default is-cropped wp-block-gallery-13 is-layout-flex wp-block-gallery-is-layout-flex\">\n<figure class=\"wp-block-image size-medium is-style-default\"><img data-recalc-dims=\"1\" loading=\"lazy\" decoding=\"async\" width=\"300\" height=\"169\" sizes=\"auto, (max-width: 767px) 89vw, (max-width: 1000px) 54vw, (max-width: 1071px) 543px, 580px\" data-id=\"8791\" src=\"https:\/\/i0.wp.com\/shopcanarias.es\/wp-content\/uploads\/2022\/03\/grillo-escondido-en-el-huerto-ecologico-300x169.jpg?resize=300%2C169&#038;ssl=1\" alt=\"grillo escondido en el huerto ecol\u00f3gico\" class=\"wp-image-8791\" srcset=\"https:\/\/i0.wp.com\/shopcanarias.es\/wp-content\/uploads\/2022\/03\/grillo-escondido-en-el-huerto-ecologico-scaled.jpg?resize=300%2C169&amp;ssl=1 300w, https:\/\/i0.wp.com\/shopcanarias.es\/wp-content\/uploads\/2022\/03\/grillo-escondido-en-el-huerto-ecologico-scaled.jpg?resize=1024%2C576&amp;ssl=1 1024w, https:\/\/i0.wp.com\/shopcanarias.es\/wp-content\/uploads\/2022\/03\/grillo-escondido-en-el-huerto-ecologico-scaled.jpg?resize=768%2C432&amp;ssl=1 768w, https:\/\/i0.wp.com\/shopcanarias.es\/wp-content\/uploads\/2022\/03\/grillo-escondido-en-el-huerto-ecologico-scaled.jpg?resize=1536%2C864&amp;ssl=1 1536w, https:\/\/i0.wp.com\/shopcanarias.es\/wp-content\/uploads\/2022\/03\/grillo-escondido-en-el-huerto-ecologico-scaled.jpg?resize=2048%2C1152&amp;ssl=1 2048w, https:\/\/i0.wp.com\/shopcanarias.es\/wp-content\/uploads\/2022\/03\/grillo-escondido-en-el-huerto-ecologico-scaled.jpg?resize=350%2C197&amp;ssl=1 350w\" \/><figcaption> Grillo<\/figcaption><\/figure>\n\n\n\n<figure class=\"wp-block-image size-medium\"><img data-recalc-dims=\"1\" loading=\"lazy\" decoding=\"async\" width=\"525\" height=\"295\" sizes=\"auto, (max-width: 767px) 89vw, (max-width: 1000px) 54vw, (max-width: 1071px) 543px, 580px\" data-id=\"9094\" src=\"https:\/\/i0.wp.com\/shopcanarias.es\/wp-content\/uploads\/2022\/03\/mariposa-en-el-huerto-ecologico-scaled.jpg?resize=525%2C295&#038;ssl=1\" alt=\"Mariposa en el huerto ecol\u00f3gico\" class=\"wp-image-9094\" srcset=\"https:\/\/i0.wp.com\/shopcanarias.es\/wp-content\/uploads\/2022\/03\/mariposa-en-el-huerto-ecologico-scaled.jpg?w=2560&amp;ssl=1 2560w, https:\/\/i0.wp.com\/shopcanarias.es\/wp-content\/uploads\/2022\/03\/mariposa-en-el-huerto-ecologico-scaled.jpg?resize=300%2C169&amp;ssl=1 300w, https:\/\/i0.wp.com\/shopcanarias.es\/wp-content\/uploads\/2022\/03\/mariposa-en-el-huerto-ecologico-scaled.jpg?resize=1024%2C576&amp;ssl=1 1024w, https:\/\/i0.wp.com\/shopcanarias.es\/wp-content\/uploads\/2022\/03\/mariposa-en-el-huerto-ecologico-scaled.jpg?resize=768%2C432&amp;ssl=1 768w, https:\/\/i0.wp.com\/shopcanarias.es\/wp-content\/uploads\/2022\/03\/mariposa-en-el-huerto-ecologico-scaled.jpg?resize=1536%2C864&amp;ssl=1 1536w, https:\/\/i0.wp.com\/shopcanarias.es\/wp-content\/uploads\/2022\/03\/mariposa-en-el-huerto-ecologico-scaled.jpg?resize=2048%2C1152&amp;ssl=1 2048w, https:\/\/i0.wp.com\/shopcanarias.es\/wp-content\/uploads\/2022\/03\/mariposa-en-el-huerto-ecologico-scaled.jpg?resize=350%2C197&amp;ssl=1 350w\" \/><figcaption> Mariposa<\/figcaption><\/figure>\n\n\n\n<figure class=\"wp-block-image size-medium\"><img data-recalc-dims=\"1\" loading=\"lazy\" decoding=\"async\" width=\"525\" height=\"295\" sizes=\"auto, (max-width: 767px) 89vw, (max-width: 1000px) 54vw, (max-width: 1071px) 543px, 580px\" data-id=\"9534\" src=\"https:\/\/i0.wp.com\/shopcanarias.es\/wp-content\/uploads\/2022\/04\/Lombriz-en-el-huerto-ecologico-scaled.jpg?resize=525%2C295&#038;ssl=1\" alt=\"Lombriz en el huerto ecol\u00f3gico\" class=\"wp-image-9534\" srcset=\"https:\/\/i0.wp.com\/shopcanarias.es\/wp-content\/uploads\/2022\/04\/Lombriz-en-el-huerto-ecologico-scaled.jpg?w=2560&amp;ssl=1 2560w, https:\/\/i0.wp.com\/shopcanarias.es\/wp-content\/uploads\/2022\/04\/Lombriz-en-el-huerto-ecologico-scaled.jpg?resize=300%2C169&amp;ssl=1 300w, https:\/\/i0.wp.com\/shopcanarias.es\/wp-content\/uploads\/2022\/04\/Lombriz-en-el-huerto-ecologico-scaled.jpg?resize=1024%2C576&amp;ssl=1 1024w, https:\/\/i0.wp.com\/shopcanarias.es\/wp-content\/uploads\/2022\/04\/Lombriz-en-el-huerto-ecologico-scaled.jpg?resize=768%2C432&amp;ssl=1 768w, https:\/\/i0.wp.com\/shopcanarias.es\/wp-content\/uploads\/2022\/04\/Lombriz-en-el-huerto-ecologico-scaled.jpg?resize=1536%2C864&amp;ssl=1 1536w, https:\/\/i0.wp.com\/shopcanarias.es\/wp-content\/uploads\/2022\/04\/Lombriz-en-el-huerto-ecologico-scaled.jpg?resize=2048%2C1152&amp;ssl=1 2048w, https:\/\/i0.wp.com\/shopcanarias.es\/wp-content\/uploads\/2022\/04\/Lombriz-en-el-huerto-ecologico-scaled.jpg?resize=350%2C197&amp;ssl=1 350w\" \/><figcaption>Lombriz<\/figcaption><\/figure>\n\n\n\n<figure class=\"wp-block-image size-medium\"><img data-recalc-dims=\"1\" loading=\"lazy\" decoding=\"async\" width=\"525\" height=\"295\" sizes=\"auto, (max-width: 767px) 89vw, (max-width: 1000px) 54vw, (max-width: 1071px) 543px, 580px\" data-id=\"9198\" src=\"https:\/\/i0.wp.com\/shopcanarias.es\/wp-content\/uploads\/2022\/03\/Mariquita-en-el-huerto-ecologico-scaled.jpg?resize=525%2C295&#038;ssl=1\" alt=\"Mariquita en el huerto ecol\u00f3gico\" class=\"wp-image-9198\" srcset=\"https:\/\/i0.wp.com\/shopcanarias.es\/wp-content\/uploads\/2022\/03\/Mariquita-en-el-huerto-ecologico-scaled.jpg?w=2560&amp;ssl=1 2560w, https:\/\/i0.wp.com\/shopcanarias.es\/wp-content\/uploads\/2022\/03\/Mariquita-en-el-huerto-ecologico-scaled.jpg?resize=300%2C169&amp;ssl=1 300w, https:\/\/i0.wp.com\/shopcanarias.es\/wp-content\/uploads\/2022\/03\/Mariquita-en-el-huerto-ecologico-scaled.jpg?resize=1024%2C576&amp;ssl=1 1024w, https:\/\/i0.wp.com\/shopcanarias.es\/wp-content\/uploads\/2022\/03\/Mariquita-en-el-huerto-ecologico-scaled.jpg?resize=768%2C432&amp;ssl=1 768w, https:\/\/i0.wp.com\/shopcanarias.es\/wp-content\/uploads\/2022\/03\/Mariquita-en-el-huerto-ecologico-scaled.jpg?resize=1536%2C864&amp;ssl=1 1536w, https:\/\/i0.wp.com\/shopcanarias.es\/wp-content\/uploads\/2022\/03\/Mariquita-en-el-huerto-ecologico-scaled.jpg?resize=2048%2C1152&amp;ssl=1 2048w, https:\/\/i0.wp.com\/shopcanarias.es\/wp-content\/uploads\/2022\/03\/Mariquita-en-el-huerto-ecologico-scaled.jpg?resize=350%2C197&amp;ssl=1 350w\" \/><figcaption>Mariquitas<\/figcaption><\/figure>\n<\/figure>\n\n\n\n<h3 class=\"wp-block-heading\"><span class=\"ez-toc-section\" id=\"Como-regar-el-huerto-y-mantener-la-tierra-humeda\"><\/span>C\u00f3mo regar el huerto y mantener la tierra h\u00fameda<span class=\"ez-toc-section-end\"><\/span><\/h3>\n\n\n\n<p>El truco que nos ense\u00f1aron para regar es abrir la boquilla de la manguera poco a poco hasta que se ve un arcoiris  \ud83c\udf08 , lanzando agua casi pulverizada, y regar r\u00e1pido en zigzag, pero pasando varias veces por el mismo sitio y cambiando la orientaci\u00f3n del zigzag. <\/p>\n\n\n\n<p>La primera vez que se siembra, hay que regar poco pero durante cinco d\u00edas seguidos, empapando la tierra pero sin encharcar.<\/p>\n\n\n\n<p>Al ser un huerto de alquiler decidimos no invertir en riego por goteo, y regar con manguera, pero cuando s\u00f3lo podemos ir uno de nosotros, lleg\u00f3 a ser una tarea tan complicada cuando las plantas crecieron, que para evitar el riesgo de segar o destrozar las plantas con la manguera, hemos llegado a regar a mano con regadera. Con dos personas, una persona vigila que la manguera no arrase con nada, y la otra puede concentrarse en regar. <\/p>\n\n\n\n<p>La paja est\u00e1 bien para retener la humedad y ahorrar agua, pero alrededor de plantas arom\u00e1ticas se convierte en una tortura para quitar las malas hierbas de ra\u00edz. Ahora s\u00f3lo tengo paja alrededor de las plantas grandes como el calabac\u00edn, el hinojo, el apio, la remolacha, etc.<\/p>\n\n\n\n<figure class=\"wp-block-image size-medium is-style-rounded\"><img data-recalc-dims=\"1\" loading=\"lazy\" decoding=\"async\" width=\"300\" height=\"169\" sizes=\"auto, (max-width: 767px) 89vw, (max-width: 1000px) 54vw, (max-width: 1071px) 543px, 580px\" src=\"https:\/\/i0.wp.com\/shopcanarias.es\/wp-content\/uploads\/2022\/03\/Huerto-ecologico-recien-cubierto-de-paja-el-19-de-octubre-de-2021-vista-desde-la-izquierda.jpg?resize=300%2C169&#038;ssl=1\" alt=\"Huerto ecol\u00f3gico reci\u00e9n cubierto de paja y etiquetado el 19 de octubre de 2021 vista desde la izquierda\" class=\"wp-image-8630\" srcset=\"https:\/\/i0.wp.com\/shopcanarias.es\/wp-content\/uploads\/2022\/03\/Huerto-ecologico-recien-cubierto-de-paja-el-19-de-octubre-de-2021-vista-desde-la-izquierda-scaled.jpg?resize=300%2C169&amp;ssl=1 300w, https:\/\/i0.wp.com\/shopcanarias.es\/wp-content\/uploads\/2022\/03\/Huerto-ecologico-recien-cubierto-de-paja-el-19-de-octubre-de-2021-vista-desde-la-izquierda-scaled.jpg?resize=1024%2C576&amp;ssl=1 1024w, https:\/\/i0.wp.com\/shopcanarias.es\/wp-content\/uploads\/2022\/03\/Huerto-ecologico-recien-cubierto-de-paja-el-19-de-octubre-de-2021-vista-desde-la-izquierda-scaled.jpg?resize=768%2C432&amp;ssl=1 768w, https:\/\/i0.wp.com\/shopcanarias.es\/wp-content\/uploads\/2022\/03\/Huerto-ecologico-recien-cubierto-de-paja-el-19-de-octubre-de-2021-vista-desde-la-izquierda-scaled.jpg?resize=1536%2C864&amp;ssl=1 1536w, https:\/\/i0.wp.com\/shopcanarias.es\/wp-content\/uploads\/2022\/03\/Huerto-ecologico-recien-cubierto-de-paja-el-19-de-octubre-de-2021-vista-desde-la-izquierda-scaled.jpg?resize=2048%2C1152&amp;ssl=1 2048w, https:\/\/i0.wp.com\/shopcanarias.es\/wp-content\/uploads\/2022\/03\/Huerto-ecologico-recien-cubierto-de-paja-el-19-de-octubre-de-2021-vista-desde-la-izquierda-scaled.jpg?resize=350%2C197&amp;ssl=1 350w\" \/><figcaption>Huerto ecol\u00f3gico reci\u00e9n cubierto de paja y etiquetado el 19 de octubre<\/figcaption><\/figure>\n\n\n\n<p>La primera vez que se riega despu\u00e9s de poner la paja, hay que hacerlo como si fuera llovizna o el sereno de la noche, para que la paja se asiente.<\/p>\n\n\n\n<p>Una vecina de huerto prob\u00f3 poner cart\u00f3n encima de los r\u00e1banos, en vez de poner paja, pero las hojas de los r\u00e1banos no encontraban el sol y no crecieron. Al parecer es mejor poner el cart\u00f3n, una vez la planta ya haya crecido un poco. Adem\u00e1s ayudar\u00e1 a que crezca menos mala hierba, aunque no la podremos ver a menos que quitemos el cart\u00f3n. En mi caso, cuando levant\u00e9 el cart\u00f3n despu\u00e9s de tres d\u00edas, salieron un mont\u00f3n de gusanos de la humedad.<\/p>\n\n\n\n<figure class=\"wp-block-image size-medium is-style-rounded\"><img data-recalc-dims=\"1\" loading=\"lazy\" decoding=\"async\" width=\"300\" height=\"169\" sizes=\"auto, (max-width: 767px) 89vw, (max-width: 1000px) 54vw, (max-width: 1071px) 543px, 580px\" src=\"https:\/\/i0.wp.com\/shopcanarias.es\/wp-content\/uploads\/2022\/03\/usando-carton-en-el-huerto-ecologico-300x169.jpg?resize=300%2C169&#038;ssl=1\" alt=\"usando cart\u00f3n en el huerto ecol\u00f3gico\" class=\"wp-image-8851\" srcset=\"https:\/\/i0.wp.com\/shopcanarias.es\/wp-content\/uploads\/2022\/03\/usando-carton-en-el-huerto-ecologico-scaled.jpg?resize=300%2C169&amp;ssl=1 300w, https:\/\/i0.wp.com\/shopcanarias.es\/wp-content\/uploads\/2022\/03\/usando-carton-en-el-huerto-ecologico-scaled.jpg?resize=1024%2C576&amp;ssl=1 1024w, https:\/\/i0.wp.com\/shopcanarias.es\/wp-content\/uploads\/2022\/03\/usando-carton-en-el-huerto-ecologico-scaled.jpg?resize=768%2C432&amp;ssl=1 768w, https:\/\/i0.wp.com\/shopcanarias.es\/wp-content\/uploads\/2022\/03\/usando-carton-en-el-huerto-ecologico-scaled.jpg?resize=1536%2C864&amp;ssl=1 1536w, https:\/\/i0.wp.com\/shopcanarias.es\/wp-content\/uploads\/2022\/03\/usando-carton-en-el-huerto-ecologico-scaled.jpg?resize=2048%2C1152&amp;ssl=1 2048w, https:\/\/i0.wp.com\/shopcanarias.es\/wp-content\/uploads\/2022\/03\/usando-carton-en-el-huerto-ecologico-scaled.jpg?resize=350%2C197&amp;ssl=1 350w\" \/><figcaption>Usando cart\u00f3n en vez de paja en el huerto ecol\u00f3gico<\/figcaption><\/figure>\n\n\n\n<p>Se nos pudrieron varias calabazas y puede que haya sido por la forma de regar, as\u00ed que nos ense\u00f1aron a buscar el principio de la ra\u00edz de la calabaza \ud83c\udf83  para regar s\u00f3lo en los \u00abpies\u00bb de la planta, y dejar el resto seco. <\/p>\n\n\n\n<figure class=\"wp-block-image size-medium is-style-rounded\"><img data-recalc-dims=\"1\" loading=\"lazy\" decoding=\"async\" width=\"300\" height=\"169\" sizes=\"auto, (max-width: 767px) 89vw, (max-width: 1000px) 54vw, (max-width: 1071px) 543px, 580px\" src=\"https:\/\/i0.wp.com\/shopcanarias.es\/wp-content\/uploads\/2022\/03\/calabazas-del-huerto-ecologico-1.jpg?resize=300%2C169&#038;ssl=1\" alt=\"Calabaza del huerto ecol\u00f3gico\" class=\"wp-image-9082\" srcset=\"https:\/\/i0.wp.com\/shopcanarias.es\/wp-content\/uploads\/2022\/03\/calabazas-del-huerto-ecologico-1-scaled.jpg?resize=300%2C169&amp;ssl=1 300w, https:\/\/i0.wp.com\/shopcanarias.es\/wp-content\/uploads\/2022\/03\/calabazas-del-huerto-ecologico-1-scaled.jpg?resize=1024%2C576&amp;ssl=1 1024w, https:\/\/i0.wp.com\/shopcanarias.es\/wp-content\/uploads\/2022\/03\/calabazas-del-huerto-ecologico-1-scaled.jpg?resize=768%2C432&amp;ssl=1 768w, https:\/\/i0.wp.com\/shopcanarias.es\/wp-content\/uploads\/2022\/03\/calabazas-del-huerto-ecologico-1-scaled.jpg?resize=1536%2C864&amp;ssl=1 1536w, https:\/\/i0.wp.com\/shopcanarias.es\/wp-content\/uploads\/2022\/03\/calabazas-del-huerto-ecologico-1-scaled.jpg?resize=2048%2C1152&amp;ssl=1 2048w, https:\/\/i0.wp.com\/shopcanarias.es\/wp-content\/uploads\/2022\/03\/calabazas-del-huerto-ecologico-1-scaled.jpg?resize=350%2C197&amp;ssl=1 350w\" \/><figcaption>Calabaza del huerto ecol\u00f3gico<\/figcaption><\/figure>\n\n\n\n<h3 class=\"wp-block-heading\"><span class=\"ez-toc-section\" id=\"Etiqueta-donde-vas-a-sembrar-cada-verdura\"><\/span>Etiqueta d\u00f3nde vas a sembrar cada verdura<span class=\"ez-toc-section-end\"><\/span><\/h3>\n\n\n\n<p>Es aconsejable etiquetar lo que se planta con el nombre de la verdura, concretamente cuando se plantan semillas, para saber qu\u00e9 es lo que debe estar creciendo en ese lugar, y con el objetivo de identificar mejor las malas hierbas. Est\u00e1 claro que dicha se\u00f1alizaci\u00f3n debe ser resistente al agua.<\/p>\n\n\n\n<p>Nosotros aprovechamos unos tubos que ten\u00edamos para reciclar \u267b, metimos en el tubo palos de madera de helados reciclados, escribimos el nombre de la verdura en un papel que recortamos y tapamos con cinta adhesiva, pegamos esta etiqueta al palo, y clavamos el tubo en las esquinas de los bancales. Si siembras con semillas, puedes aprovechar el nombre que aparece en el sobre para recortarlo.<\/p>\n\n\n\n<figure class=\"wp-block-image size-medium is-style-rounded\"><img data-recalc-dims=\"1\" loading=\"lazy\" decoding=\"async\" width=\"300\" height=\"169\" sizes=\"auto, (max-width: 767px) 89vw, (max-width: 1000px) 54vw, (max-width: 1071px) 543px, 580px\" src=\"https:\/\/i0.wp.com\/shopcanarias.es\/wp-content\/uploads\/2022\/03\/etiqueta-del-nombre-de-la-verdura-en-el-huerto-ecologico-300x169.jpg?resize=300%2C169&#038;ssl=1\" alt=\"Etiqueta del nombre de la verdura en el huerto ecol\u00f3gico\" class=\"wp-image-9186\" srcset=\"https:\/\/i0.wp.com\/shopcanarias.es\/wp-content\/uploads\/2022\/03\/etiqueta-del-nombre-de-la-verdura-en-el-huerto-ecologico-scaled.jpg?resize=300%2C169&amp;ssl=1 300w, https:\/\/i0.wp.com\/shopcanarias.es\/wp-content\/uploads\/2022\/03\/etiqueta-del-nombre-de-la-verdura-en-el-huerto-ecologico-scaled.jpg?resize=1024%2C576&amp;ssl=1 1024w, https:\/\/i0.wp.com\/shopcanarias.es\/wp-content\/uploads\/2022\/03\/etiqueta-del-nombre-de-la-verdura-en-el-huerto-ecologico-scaled.jpg?resize=768%2C432&amp;ssl=1 768w, https:\/\/i0.wp.com\/shopcanarias.es\/wp-content\/uploads\/2022\/03\/etiqueta-del-nombre-de-la-verdura-en-el-huerto-ecologico-scaled.jpg?resize=1536%2C864&amp;ssl=1 1536w, https:\/\/i0.wp.com\/shopcanarias.es\/wp-content\/uploads\/2022\/03\/etiqueta-del-nombre-de-la-verdura-en-el-huerto-ecologico-scaled.jpg?resize=2048%2C1152&amp;ssl=1 2048w, https:\/\/i0.wp.com\/shopcanarias.es\/wp-content\/uploads\/2022\/03\/etiqueta-del-nombre-de-la-verdura-en-el-huerto-ecologico-scaled.jpg?resize=350%2C197&amp;ssl=1 350w\" \/><figcaption>Etiqueta del nombre de la verdura aprovechando parte del sobre de las semillas en el huerto ecol\u00f3gico<\/figcaption><\/figure>\n\n\n\n<h3 class=\"wp-block-heading\"><span class=\"ez-toc-section\" id=\"Quita-las-malas-hierbas-de-raiz\"><\/span>Quita las malas hierbas de ra\u00edz<span class=\"ez-toc-section-end\"><\/span><\/h3>\n\n\n\n<p>Cuanto antes quites las malas hierbas, m\u00e1s f\u00e1cil salen porque tienen ra\u00edces m\u00e1s d\u00e9biles y menos profundas, especialmente la malva com\u00fan, cuyas ra\u00edces pueden ser iguales al ancho de un dedo y con m\u00e1s de dos palmos de profundidad. Cuanto antes las quites menos plantas te cargas alrededor intentando quitar las malas hierbas de ra\u00edz, sobre todo las que se enredan. Aclaro que la malva no es una mala hierba, pero es una especie invasora, al igual que la espinaca silvestre. <\/p>\n\n\n\n<figure class=\"wp-block-gallery has-nested-images columns-default is-cropped wp-block-gallery-14 is-layout-flex wp-block-gallery-is-layout-flex\">\n<figure class=\"wp-block-image size-medium is-style-default\"><img data-recalc-dims=\"1\" loading=\"lazy\" decoding=\"async\" width=\"300\" height=\"169\" sizes=\"auto, (max-width: 767px) 89vw, (max-width: 1000px) 54vw, (max-width: 1071px) 543px, 580px\" data-id=\"9019\" src=\"https:\/\/i0.wp.com\/shopcanarias.es\/wp-content\/uploads\/2022\/03\/malva-mala-hierba-en-el-huerto-ecologico-300x169.jpg?resize=300%2C169&#038;ssl=1\" alt=\"Malva mala hierba en el huerto ecol\u00f3gico\" class=\"wp-image-9019\" srcset=\"https:\/\/i0.wp.com\/shopcanarias.es\/wp-content\/uploads\/2022\/03\/malva-mala-hierba-en-el-huerto-ecologico-scaled.jpg?resize=300%2C169&amp;ssl=1 300w, https:\/\/i0.wp.com\/shopcanarias.es\/wp-content\/uploads\/2022\/03\/malva-mala-hierba-en-el-huerto-ecologico-scaled.jpg?resize=1024%2C576&amp;ssl=1 1024w, https:\/\/i0.wp.com\/shopcanarias.es\/wp-content\/uploads\/2022\/03\/malva-mala-hierba-en-el-huerto-ecologico-scaled.jpg?resize=768%2C432&amp;ssl=1 768w, https:\/\/i0.wp.com\/shopcanarias.es\/wp-content\/uploads\/2022\/03\/malva-mala-hierba-en-el-huerto-ecologico-scaled.jpg?resize=1536%2C864&amp;ssl=1 1536w, https:\/\/i0.wp.com\/shopcanarias.es\/wp-content\/uploads\/2022\/03\/malva-mala-hierba-en-el-huerto-ecologico-scaled.jpg?resize=2048%2C1152&amp;ssl=1 2048w, https:\/\/i0.wp.com\/shopcanarias.es\/wp-content\/uploads\/2022\/03\/malva-mala-hierba-en-el-huerto-ecologico-scaled.jpg?resize=350%2C197&amp;ssl=1 350w\" \/><figcaption> Malva com\u00fan<\/figcaption><\/figure>\n\n\n\n<figure class=\"wp-block-image size-medium\"><img data-recalc-dims=\"1\" loading=\"lazy\" decoding=\"async\" width=\"525\" height=\"295\" sizes=\"auto, (max-width: 767px) 89vw, (max-width: 1000px) 54vw, (max-width: 1071px) 543px, 580px\" data-id=\"9013\" src=\"https:\/\/i0.wp.com\/shopcanarias.es\/wp-content\/uploads\/2022\/03\/mala-hierba-que-se-enreda-y-chinche-arlequin-del-huerto-ecologico-scaled.jpg?resize=525%2C295&#038;ssl=1\" alt=\"Mala hierba que se enreda y chinche arlequ\u00edn en el huerto ecol\u00f3gico\" class=\"wp-image-9013\" srcset=\"https:\/\/i0.wp.com\/shopcanarias.es\/wp-content\/uploads\/2022\/03\/mala-hierba-que-se-enreda-y-chinche-arlequin-del-huerto-ecologico-scaled.jpg?w=2560&amp;ssl=1 2560w, https:\/\/i0.wp.com\/shopcanarias.es\/wp-content\/uploads\/2022\/03\/mala-hierba-que-se-enreda-y-chinche-arlequin-del-huerto-ecologico-scaled.jpg?resize=300%2C169&amp;ssl=1 300w, https:\/\/i0.wp.com\/shopcanarias.es\/wp-content\/uploads\/2022\/03\/mala-hierba-que-se-enreda-y-chinche-arlequin-del-huerto-ecologico-scaled.jpg?resize=1024%2C576&amp;ssl=1 1024w, https:\/\/i0.wp.com\/shopcanarias.es\/wp-content\/uploads\/2022\/03\/mala-hierba-que-se-enreda-y-chinche-arlequin-del-huerto-ecologico-scaled.jpg?resize=768%2C432&amp;ssl=1 768w, https:\/\/i0.wp.com\/shopcanarias.es\/wp-content\/uploads\/2022\/03\/mala-hierba-que-se-enreda-y-chinche-arlequin-del-huerto-ecologico-scaled.jpg?resize=1536%2C864&amp;ssl=1 1536w, https:\/\/i0.wp.com\/shopcanarias.es\/wp-content\/uploads\/2022\/03\/mala-hierba-que-se-enreda-y-chinche-arlequin-del-huerto-ecologico-scaled.jpg?resize=2048%2C1152&amp;ssl=1 2048w, https:\/\/i0.wp.com\/shopcanarias.es\/wp-content\/uploads\/2022\/03\/mala-hierba-que-se-enreda-y-chinche-arlequin-del-huerto-ecologico-scaled.jpg?resize=350%2C197&amp;ssl=1 350w\" \/><figcaption>                          Hierba enredadera<\/figcaption><\/figure>\n<\/figure>\n\n\n\n<p>Un vecino nos confirm\u00f3 que las cabras y las ovejas se comen las malas hierbas de ra\u00edz. As\u00ed que puede ser un intercambio beneficioso para ambas partes. En unos d\u00edas los animales limpian de mala hierba y abonan el huerto, y el pastor alimenta a sus animales de forma segura. Al parecer, dependiendo del tipo de mala hierba, para que los animales no sufran de diarrea, se les pone pienso para compensar la dieta.<\/p>\n\n\n\n<h3 class=\"wp-block-heading\"><span class=\"ez-toc-section\" id=\"Asegura-la-separacion-entre-plantas-al-sembrar\"><\/span>Asegura la separaci\u00f3n entre plantas al sembrar<span class=\"ez-toc-section-end\"><\/span><\/h3>\n\n\n\n<p>Otro consejo es pensar bien donde vamos a plantar antes de hacerlo. En el transcurso de estas siembras, he trasplantado el br\u00f3coli que sembr\u00e9 en pl\u00e1ntula, porque no ten\u00edan suficiente espacio entre ellas. E igualmente trasplant\u00e9 una r\u00facula que sali\u00f3 de la nada, porque estaba muy pegada a la albahaca, pero se sec\u00f3 despu\u00e9s de trasplantada. <\/p>\n\n\n\n<p>Es \u00fatil plantar con la separaci\u00f3n m\u00ednima de una mano entre semillas o pl\u00e1ntulas, para localizar m\u00e1s r\u00e1pido las malas hierbas, o lo que no quieres que crezca en ese sitio. Por ejemplo, donde plantamos los berros de semilla que nunca salieron, por azar, despu\u00e9s de unos meses se llen\u00f3 de espinacas silvestres, que en este caso si dejamos que se desarrollaran.<\/p>\n\n\n\n<figure class=\"wp-block-gallery has-nested-images columns-default is-cropped wp-block-gallery-15 is-layout-flex wp-block-gallery-is-layout-flex\">\n<figure class=\"wp-block-image size-medium is-style-default\"><img data-recalc-dims=\"1\" loading=\"lazy\" decoding=\"async\" width=\"300\" height=\"169\" sizes=\"auto, (max-width: 767px) 89vw, (max-width: 1000px) 54vw, (max-width: 1071px) 543px, 580px\" data-id=\"8921\" src=\"https:\/\/i0.wp.com\/shopcanarias.es\/wp-content\/uploads\/2022\/03\/espinaca-silvestre-del-huerto-ecologico-300x169.jpg?resize=300%2C169&#038;ssl=1\" alt=\"Espinacas silvestres del huerto ecol\u00f3gico\" class=\"wp-image-8921\" srcset=\"https:\/\/i0.wp.com\/shopcanarias.es\/wp-content\/uploads\/2022\/03\/espinaca-silvestre-del-huerto-ecologico-scaled.jpg?resize=300%2C169&amp;ssl=1 300w, https:\/\/i0.wp.com\/shopcanarias.es\/wp-content\/uploads\/2022\/03\/espinaca-silvestre-del-huerto-ecologico-scaled.jpg?resize=1024%2C576&amp;ssl=1 1024w, https:\/\/i0.wp.com\/shopcanarias.es\/wp-content\/uploads\/2022\/03\/espinaca-silvestre-del-huerto-ecologico-scaled.jpg?resize=768%2C432&amp;ssl=1 768w, https:\/\/i0.wp.com\/shopcanarias.es\/wp-content\/uploads\/2022\/03\/espinaca-silvestre-del-huerto-ecologico-scaled.jpg?resize=1536%2C864&amp;ssl=1 1536w, https:\/\/i0.wp.com\/shopcanarias.es\/wp-content\/uploads\/2022\/03\/espinaca-silvestre-del-huerto-ecologico-scaled.jpg?resize=2048%2C1152&amp;ssl=1 2048w, https:\/\/i0.wp.com\/shopcanarias.es\/wp-content\/uploads\/2022\/03\/espinaca-silvestre-del-huerto-ecologico-scaled.jpg?resize=350%2C197&amp;ssl=1 350w\" \/><figcaption> Espinacas silvestres<\/figcaption><\/figure>\n\n\n\n<figure class=\"wp-block-image size-medium\"><img data-recalc-dims=\"1\" loading=\"lazy\" decoding=\"async\" width=\"525\" height=\"295\" sizes=\"auto, (max-width: 767px) 89vw, (max-width: 1000px) 54vw, (max-width: 1071px) 543px, 580px\" data-id=\"8995\" src=\"https:\/\/i0.wp.com\/shopcanarias.es\/wp-content\/uploads\/2022\/03\/espinacas-del-huerto-ecologico-scaled.jpg?resize=525%2C295&#038;ssl=1\" alt=\"Espinacas del huerto ecol\u00f3gico\" class=\"wp-image-8995\" srcset=\"https:\/\/i0.wp.com\/shopcanarias.es\/wp-content\/uploads\/2022\/03\/espinacas-del-huerto-ecologico-scaled.jpg?w=2560&amp;ssl=1 2560w, https:\/\/i0.wp.com\/shopcanarias.es\/wp-content\/uploads\/2022\/03\/espinacas-del-huerto-ecologico-scaled.jpg?resize=300%2C169&amp;ssl=1 300w, https:\/\/i0.wp.com\/shopcanarias.es\/wp-content\/uploads\/2022\/03\/espinacas-del-huerto-ecologico-scaled.jpg?resize=1024%2C576&amp;ssl=1 1024w, https:\/\/i0.wp.com\/shopcanarias.es\/wp-content\/uploads\/2022\/03\/espinacas-del-huerto-ecologico-scaled.jpg?resize=768%2C432&amp;ssl=1 768w, https:\/\/i0.wp.com\/shopcanarias.es\/wp-content\/uploads\/2022\/03\/espinacas-del-huerto-ecologico-scaled.jpg?resize=1536%2C864&amp;ssl=1 1536w, https:\/\/i0.wp.com\/shopcanarias.es\/wp-content\/uploads\/2022\/03\/espinacas-del-huerto-ecologico-scaled.jpg?resize=2048%2C1152&amp;ssl=1 2048w, https:\/\/i0.wp.com\/shopcanarias.es\/wp-content\/uploads\/2022\/03\/espinacas-del-huerto-ecologico-scaled.jpg?resize=350%2C197&amp;ssl=1 350w\" \/><figcaption> Espinacas de pl\u00e1ntula<\/figcaption><\/figure>\n<\/figure>\n\n\n\n<p><\/p>\n\n\n\n<p>Cuanta m\u00e1s separaci\u00f3n dejes entre semillas y pl\u00e1ntulas mejor, excepto en las plantas de hojas y tallos peque\u00f1os o espigados. En los paquetes de semillas ecol\u00f3gicas aconsejan una distancia m\u00ednima, pero para las pl\u00e1ntulas hay que aprovecharse de la experiencia. Por ejemplo;<\/p>\n\n\n\n<ul class=\"wp-block-list\"><li>para las acelgas, espinacas, papas, fresas y col kale, hacen falta al menos dos palmos de separaci\u00f3n entre pl\u00e1ntulas. <\/li><li>Para la coliflor, calabac\u00edn y br\u00f3coli \ud83e\udd66 hacen falta al menos tres palmos de separaci\u00f3n entre pl\u00e1ntulas. <\/li><li>Para la alcachofa, col, lavanda y or\u00e9gano canadiense se necesita por lo menos 1 metro de separaci\u00f3n. <\/li><li>Para el pepino \ud83e\udd52 , las berenjenas \ud83c\udf46 y las calabazas \ud83c\udf83 hacen falta metros. <\/li><li>Y lo mismo para el tomate \ud83c\udf45  salvo que se pillen a tiempo los tallos para guiar hacia lo alto con cuerda y con ca\u00f1as, porque de lo contrario hay que dejarlos crecer a ras de suelo y ocupan bastante espacio. Si no pillamos los tallos a tiempo para guiarlos, y han crecido y\/o tienen flor, e intentamos manipularlos, nos cargaremos las ramas y\/o las flores.<\/li><\/ul>\n\n\n\n<h3 class=\"wp-block-heading\"><span class=\"ez-toc-section\" id=\"Investiga-las-plantas-antes-de-eliminarlas\"><\/span>Investiga las plantas antes de eliminarlas<span class=\"ez-toc-section-end\"><\/span><\/h3>\n\n\n\n<p>Como no encontramos cabras ni ovejas para hacer el trabajo, fuimos investigando el aspecto de las hojas antes de quitar aquello que no hab\u00edamos plantado. Para investigar mir\u00e1bamos im\u00e1genes en internet, y para orientarnos usamos algunas apps de plantas. <\/p>\n\n\n\n<p>Gracias a ello y a la naturaleza hemos disfrutado de plantas que salieron de la nada; r\u00facula, nabo, hinojo, espinacas silvestres, etc. <\/p>\n\n\n\n<figure class=\"wp-block-gallery has-nested-images columns-default is-cropped wp-block-gallery-16 is-layout-flex wp-block-gallery-is-layout-flex\">\n<figure class=\"wp-block-image size-medium is-style-default\"><img data-recalc-dims=\"1\" loading=\"lazy\" decoding=\"async\" width=\"300\" height=\"169\" sizes=\"auto, (max-width: 767px) 89vw, (max-width: 1000px) 54vw, (max-width: 1071px) 543px, 580px\" data-id=\"8642\" src=\"https:\/\/i0.wp.com\/shopcanarias.es\/wp-content\/uploads\/2022\/03\/nabo-del-huerto-ecologico-300x169.jpg?resize=300%2C169&#038;ssl=1\" alt=\"nabo del huerto ecol\u00f3gico\" class=\"wp-image-8642\" srcset=\"https:\/\/i0.wp.com\/shopcanarias.es\/wp-content\/uploads\/2022\/03\/nabo-del-huerto-ecologico-scaled.jpg?resize=300%2C169&amp;ssl=1 300w, https:\/\/i0.wp.com\/shopcanarias.es\/wp-content\/uploads\/2022\/03\/nabo-del-huerto-ecologico-scaled.jpg?resize=1024%2C576&amp;ssl=1 1024w, https:\/\/i0.wp.com\/shopcanarias.es\/wp-content\/uploads\/2022\/03\/nabo-del-huerto-ecologico-scaled.jpg?resize=768%2C432&amp;ssl=1 768w, https:\/\/i0.wp.com\/shopcanarias.es\/wp-content\/uploads\/2022\/03\/nabo-del-huerto-ecologico-scaled.jpg?resize=1536%2C864&amp;ssl=1 1536w, https:\/\/i0.wp.com\/shopcanarias.es\/wp-content\/uploads\/2022\/03\/nabo-del-huerto-ecologico-scaled.jpg?resize=2048%2C1152&amp;ssl=1 2048w, https:\/\/i0.wp.com\/shopcanarias.es\/wp-content\/uploads\/2022\/03\/nabo-del-huerto-ecologico-scaled.jpg?resize=350%2C197&amp;ssl=1 350w\" \/><figcaption> Nabo<\/figcaption><\/figure>\n\n\n\n<figure class=\"wp-block-image size-medium\"><img data-recalc-dims=\"1\" loading=\"lazy\" decoding=\"async\" width=\"525\" height=\"295\" sizes=\"auto, (max-width: 767px) 89vw, (max-width: 1000px) 54vw, (max-width: 1071px) 543px, 580px\" data-id=\"9007\" src=\"https:\/\/i0.wp.com\/shopcanarias.es\/wp-content\/uploads\/2022\/03\/hinojo-del-huerto-ecologico-scaled.jpg?resize=525%2C295&#038;ssl=1\" alt=\"Hinojo del huerto ecol\u00f3gico\" class=\"wp-image-9007\" srcset=\"https:\/\/i0.wp.com\/shopcanarias.es\/wp-content\/uploads\/2022\/03\/hinojo-del-huerto-ecologico-scaled.jpg?w=2560&amp;ssl=1 2560w, https:\/\/i0.wp.com\/shopcanarias.es\/wp-content\/uploads\/2022\/03\/hinojo-del-huerto-ecologico-scaled.jpg?resize=300%2C169&amp;ssl=1 300w, https:\/\/i0.wp.com\/shopcanarias.es\/wp-content\/uploads\/2022\/03\/hinojo-del-huerto-ecologico-scaled.jpg?resize=1024%2C576&amp;ssl=1 1024w, https:\/\/i0.wp.com\/shopcanarias.es\/wp-content\/uploads\/2022\/03\/hinojo-del-huerto-ecologico-scaled.jpg?resize=768%2C432&amp;ssl=1 768w, https:\/\/i0.wp.com\/shopcanarias.es\/wp-content\/uploads\/2022\/03\/hinojo-del-huerto-ecologico-scaled.jpg?resize=1536%2C864&amp;ssl=1 1536w, https:\/\/i0.wp.com\/shopcanarias.es\/wp-content\/uploads\/2022\/03\/hinojo-del-huerto-ecologico-scaled.jpg?resize=2048%2C1152&amp;ssl=1 2048w, https:\/\/i0.wp.com\/shopcanarias.es\/wp-content\/uploads\/2022\/03\/hinojo-del-huerto-ecologico-scaled.jpg?resize=350%2C197&amp;ssl=1 350w\" \/><figcaption> Hinojo<\/figcaption><\/figure>\n<\/figure>\n\n\n\n<h3 class=\"wp-block-heading\"><span class=\"ez-toc-section\" id=\"Consejo-de-zanahorias\"><\/span>Consejo de zanahorias<span class=\"ez-toc-section-end\"><\/span><\/h3>\n\n\n\n<p>Sembr\u00e9 cuarenta pl\u00e1ntulas de zanahorias \ud83e\udd55  a la vez, <\/p>\n\n\n\n<figure class=\"wp-block-image size-medium is-style-rounded\"><img data-recalc-dims=\"1\" loading=\"lazy\" decoding=\"async\" width=\"300\" height=\"169\" sizes=\"auto, (max-width: 767px) 89vw, (max-width: 1000px) 54vw, (max-width: 1071px) 543px, 580px\" src=\"https:\/\/i0.wp.com\/shopcanarias.es\/wp-content\/uploads\/2022\/03\/zanahorias-de-plantula-del-huerto-ecologico-300x169.jpg?resize=300%2C169&#038;ssl=1\" alt=\"Zanahorias de pl\u00e1ntula del huerto ecol\u00f3gico\" class=\"wp-image-9049\" srcset=\"https:\/\/i0.wp.com\/shopcanarias.es\/wp-content\/uploads\/2022\/03\/zanahorias-de-plantula-del-huerto-ecologico-scaled.jpg?resize=300%2C169&amp;ssl=1 300w, https:\/\/i0.wp.com\/shopcanarias.es\/wp-content\/uploads\/2022\/03\/zanahorias-de-plantula-del-huerto-ecologico-scaled.jpg?resize=1024%2C576&amp;ssl=1 1024w, https:\/\/i0.wp.com\/shopcanarias.es\/wp-content\/uploads\/2022\/03\/zanahorias-de-plantula-del-huerto-ecologico-scaled.jpg?resize=768%2C432&amp;ssl=1 768w, https:\/\/i0.wp.com\/shopcanarias.es\/wp-content\/uploads\/2022\/03\/zanahorias-de-plantula-del-huerto-ecologico-scaled.jpg?resize=1536%2C864&amp;ssl=1 1536w, https:\/\/i0.wp.com\/shopcanarias.es\/wp-content\/uploads\/2022\/03\/zanahorias-de-plantula-del-huerto-ecologico-scaled.jpg?resize=2048%2C1152&amp;ssl=1 2048w, https:\/\/i0.wp.com\/shopcanarias.es\/wp-content\/uploads\/2022\/03\/zanahorias-de-plantula-del-huerto-ecologico-scaled.jpg?resize=350%2C197&amp;ssl=1 350w\" \/><figcaption>Zanahorias de pl\u00e1ntula del huerto ecol\u00f3gico<\/figcaption><\/figure>\n\n\n\n<p>pero en este caso concreto, nos las hemos comido peque\u00f1as, medianas y grandes, pero chatas, deformadas, o con la punta enroscada, seguramente debido a que no \u00absoltamos\u00bb la tierra lo suficiente. Ten\u00edamos que haber tamizado la tierra antes de plantarlas.<\/p>\n\n\n\n<figure class=\"wp-block-gallery has-nested-images columns-default is-cropped wp-block-gallery-17 is-layout-flex wp-block-gallery-is-layout-flex\">\n<figure class=\"wp-block-image size-medium is-style-default\"><img data-recalc-dims=\"1\" loading=\"lazy\" decoding=\"async\" width=\"300\" height=\"169\" sizes=\"auto, (max-width: 767px) 89vw, (max-width: 1000px) 54vw, (max-width: 1071px) 543px, 580px\" data-id=\"8674\" src=\"https:\/\/i0.wp.com\/shopcanarias.es\/wp-content\/uploads\/2022\/03\/zanahoria-en-el-huerto-ecologico-300x169.jpg?resize=300%2C169&#038;ssl=1\" alt=\"zanahoria en el huerto ecol\u00f3gico\" class=\"wp-image-8674\" srcset=\"https:\/\/i0.wp.com\/shopcanarias.es\/wp-content\/uploads\/2022\/03\/zanahoria-en-el-huerto-ecologico-scaled.jpg?resize=300%2C169&amp;ssl=1 300w, https:\/\/i0.wp.com\/shopcanarias.es\/wp-content\/uploads\/2022\/03\/zanahoria-en-el-huerto-ecologico-scaled.jpg?resize=1024%2C576&amp;ssl=1 1024w, https:\/\/i0.wp.com\/shopcanarias.es\/wp-content\/uploads\/2022\/03\/zanahoria-en-el-huerto-ecologico-scaled.jpg?resize=768%2C432&amp;ssl=1 768w, https:\/\/i0.wp.com\/shopcanarias.es\/wp-content\/uploads\/2022\/03\/zanahoria-en-el-huerto-ecologico-scaled.jpg?resize=1536%2C864&amp;ssl=1 1536w, https:\/\/i0.wp.com\/shopcanarias.es\/wp-content\/uploads\/2022\/03\/zanahoria-en-el-huerto-ecologico-scaled.jpg?resize=2048%2C1152&amp;ssl=1 2048w, https:\/\/i0.wp.com\/shopcanarias.es\/wp-content\/uploads\/2022\/03\/zanahoria-en-el-huerto-ecologico-scaled.jpg?resize=350%2C197&amp;ssl=1 350w\" \/><figcaption> Chatas<\/figcaption><\/figure>\n\n\n\n<figure class=\"wp-block-image size-medium\"><img data-recalc-dims=\"1\" loading=\"lazy\" decoding=\"async\" width=\"525\" height=\"295\" sizes=\"auto, (max-width: 767px) 89vw, (max-width: 1000px) 54vw, (max-width: 1071px) 543px, 580px\" data-id=\"8857\" src=\"https:\/\/i0.wp.com\/shopcanarias.es\/wp-content\/uploads\/2022\/03\/zanahoria-chata-del-huerto-ecologico-scaled.jpg?resize=525%2C295&#038;ssl=1\" alt=\"zanahoria chata del huerto ecol\u00f3gico\" class=\"wp-image-8857\" srcset=\"https:\/\/i0.wp.com\/shopcanarias.es\/wp-content\/uploads\/2022\/03\/zanahoria-chata-del-huerto-ecologico-scaled.jpg?w=2560&amp;ssl=1 2560w, https:\/\/i0.wp.com\/shopcanarias.es\/wp-content\/uploads\/2022\/03\/zanahoria-chata-del-huerto-ecologico-scaled.jpg?resize=300%2C169&amp;ssl=1 300w, https:\/\/i0.wp.com\/shopcanarias.es\/wp-content\/uploads\/2022\/03\/zanahoria-chata-del-huerto-ecologico-scaled.jpg?resize=1024%2C576&amp;ssl=1 1024w, https:\/\/i0.wp.com\/shopcanarias.es\/wp-content\/uploads\/2022\/03\/zanahoria-chata-del-huerto-ecologico-scaled.jpg?resize=768%2C432&amp;ssl=1 768w, https:\/\/i0.wp.com\/shopcanarias.es\/wp-content\/uploads\/2022\/03\/zanahoria-chata-del-huerto-ecologico-scaled.jpg?resize=1536%2C864&amp;ssl=1 1536w, https:\/\/i0.wp.com\/shopcanarias.es\/wp-content\/uploads\/2022\/03\/zanahoria-chata-del-huerto-ecologico-scaled.jpg?resize=2048%2C1152&amp;ssl=1 2048w, https:\/\/i0.wp.com\/shopcanarias.es\/wp-content\/uploads\/2022\/03\/zanahoria-chata-del-huerto-ecologico-scaled.jpg?resize=350%2C197&amp;ssl=1 350w\" \/><\/figure>\n\n\n\n<figure class=\"wp-block-image size-medium\"><img data-recalc-dims=\"1\" loading=\"lazy\" decoding=\"async\" width=\"525\" height=\"295\" sizes=\"auto, (max-width: 767px) 89vw, (max-width: 1000px) 54vw, (max-width: 1071px) 543px, 580px\" data-id=\"8869\" src=\"https:\/\/i0.wp.com\/shopcanarias.es\/wp-content\/uploads\/2022\/03\/zanahoria-deformada-del-huerto-ecologico-scaled.jpg?resize=525%2C295&#038;ssl=1\" alt=\"zanahoria deformada del huerto ecol\u00f3gico\" class=\"wp-image-8869\" srcset=\"https:\/\/i0.wp.com\/shopcanarias.es\/wp-content\/uploads\/2022\/03\/zanahoria-deformada-del-huerto-ecologico-scaled.jpg?w=2560&amp;ssl=1 2560w, https:\/\/i0.wp.com\/shopcanarias.es\/wp-content\/uploads\/2022\/03\/zanahoria-deformada-del-huerto-ecologico-scaled.jpg?resize=300%2C169&amp;ssl=1 300w, https:\/\/i0.wp.com\/shopcanarias.es\/wp-content\/uploads\/2022\/03\/zanahoria-deformada-del-huerto-ecologico-scaled.jpg?resize=1024%2C576&amp;ssl=1 1024w, https:\/\/i0.wp.com\/shopcanarias.es\/wp-content\/uploads\/2022\/03\/zanahoria-deformada-del-huerto-ecologico-scaled.jpg?resize=768%2C432&amp;ssl=1 768w, https:\/\/i0.wp.com\/shopcanarias.es\/wp-content\/uploads\/2022\/03\/zanahoria-deformada-del-huerto-ecologico-scaled.jpg?resize=1536%2C864&amp;ssl=1 1536w, https:\/\/i0.wp.com\/shopcanarias.es\/wp-content\/uploads\/2022\/03\/zanahoria-deformada-del-huerto-ecologico-scaled.jpg?resize=2048%2C1152&amp;ssl=1 2048w, https:\/\/i0.wp.com\/shopcanarias.es\/wp-content\/uploads\/2022\/03\/zanahoria-deformada-del-huerto-ecologico-scaled.jpg?resize=350%2C197&amp;ssl=1 350w\" \/><figcaption> Deformada<\/figcaption><\/figure>\n\n\n\n<figure class=\"wp-block-image size-medium\"><img data-recalc-dims=\"1\" loading=\"lazy\" decoding=\"async\" width=\"525\" height=\"295\" sizes=\"auto, (max-width: 767px) 89vw, (max-width: 1000px) 54vw, (max-width: 1071px) 543px, 580px\" data-id=\"8863\" src=\"https:\/\/i0.wp.com\/shopcanarias.es\/wp-content\/uploads\/2022\/03\/zanahoria-con-la-punta-enroscada-del-huerto-ecologico-scaled.jpg?resize=525%2C295&#038;ssl=1\" alt=\"zanahoria con la punta enroscada del huerto ecol\u00f3gico\" class=\"wp-image-8863\" srcset=\"https:\/\/i0.wp.com\/shopcanarias.es\/wp-content\/uploads\/2022\/03\/zanahoria-con-la-punta-enroscada-del-huerto-ecologico-scaled.jpg?w=2560&amp;ssl=1 2560w, https:\/\/i0.wp.com\/shopcanarias.es\/wp-content\/uploads\/2022\/03\/zanahoria-con-la-punta-enroscada-del-huerto-ecologico-scaled.jpg?resize=300%2C169&amp;ssl=1 300w, https:\/\/i0.wp.com\/shopcanarias.es\/wp-content\/uploads\/2022\/03\/zanahoria-con-la-punta-enroscada-del-huerto-ecologico-scaled.jpg?resize=1024%2C576&amp;ssl=1 1024w, https:\/\/i0.wp.com\/shopcanarias.es\/wp-content\/uploads\/2022\/03\/zanahoria-con-la-punta-enroscada-del-huerto-ecologico-scaled.jpg?resize=768%2C432&amp;ssl=1 768w, https:\/\/i0.wp.com\/shopcanarias.es\/wp-content\/uploads\/2022\/03\/zanahoria-con-la-punta-enroscada-del-huerto-ecologico-scaled.jpg?resize=1536%2C864&amp;ssl=1 1536w, https:\/\/i0.wp.com\/shopcanarias.es\/wp-content\/uploads\/2022\/03\/zanahoria-con-la-punta-enroscada-del-huerto-ecologico-scaled.jpg?resize=2048%2C1152&amp;ssl=1 2048w, https:\/\/i0.wp.com\/shopcanarias.es\/wp-content\/uploads\/2022\/03\/zanahoria-con-la-punta-enroscada-del-huerto-ecologico-scaled.jpg?resize=350%2C197&amp;ssl=1 350w\" \/><figcaption> Punta enroscada<\/figcaption><\/figure>\n<\/figure>\n\n\n\n<h3 class=\"wp-block-heading\"><span class=\"ez-toc-section\" id=\"Consejo-de-coles\"><\/span>Consejo de coles<span class=\"ez-toc-section-end\"><\/span><\/h3>\n\n\n\n<p>En el caso de las coles enfermas, las cort\u00e9 con un serrucho dejando s\u00f3lo el tronco. Despu\u00e9s de unas semanas, las hojas empiezan a brotar de nuevo;<\/p>\n\n\n\n<figure class=\"wp-block-image size-medium is-style-rounded\"><img data-recalc-dims=\"1\" loading=\"lazy\" decoding=\"async\" width=\"300\" height=\"169\" sizes=\"auto, (max-width: 767px) 89vw, (max-width: 1000px) 54vw, (max-width: 1071px) 543px, 580px\" src=\"https:\/\/i0.wp.com\/shopcanarias.es\/wp-content\/uploads\/2022\/03\/hojas-de-la-col-roja-brotando-despues-de-quitar-la-parte-enferma-300x169.jpg?resize=300%2C169&#038;ssl=1\" alt=\"Hojas de col roja brotando despu\u00e9s de quitar la parte enferma en el huerto ecol\u00f3gico\" class=\"wp-image-9088\" srcset=\"https:\/\/i0.wp.com\/shopcanarias.es\/wp-content\/uploads\/2022\/03\/hojas-de-la-col-roja-brotando-despues-de-quitar-la-parte-enferma-scaled.jpg?resize=300%2C169&amp;ssl=1 300w, https:\/\/i0.wp.com\/shopcanarias.es\/wp-content\/uploads\/2022\/03\/hojas-de-la-col-roja-brotando-despues-de-quitar-la-parte-enferma-scaled.jpg?resize=1024%2C576&amp;ssl=1 1024w, https:\/\/i0.wp.com\/shopcanarias.es\/wp-content\/uploads\/2022\/03\/hojas-de-la-col-roja-brotando-despues-de-quitar-la-parte-enferma-scaled.jpg?resize=768%2C432&amp;ssl=1 768w, https:\/\/i0.wp.com\/shopcanarias.es\/wp-content\/uploads\/2022\/03\/hojas-de-la-col-roja-brotando-despues-de-quitar-la-parte-enferma-scaled.jpg?resize=1536%2C864&amp;ssl=1 1536w, https:\/\/i0.wp.com\/shopcanarias.es\/wp-content\/uploads\/2022\/03\/hojas-de-la-col-roja-brotando-despues-de-quitar-la-parte-enferma-scaled.jpg?resize=2048%2C1152&amp;ssl=1 2048w, https:\/\/i0.wp.com\/shopcanarias.es\/wp-content\/uploads\/2022\/03\/hojas-de-la-col-roja-brotando-despues-de-quitar-la-parte-enferma-scaled.jpg?resize=350%2C197&amp;ssl=1 350w\" \/><figcaption>Hojas de col roja brotando despu\u00e9s de quitar la parte enferma en el huerto ecol\u00f3gico<\/figcaption><\/figure>\n\n\n\n<p>En casa, una p\u00f3cima que nos ha funcionado para detener el ataque a las plantas es la infusi\u00f3n de ajo. Y nos han confirmado que tambi\u00e9n funciona con otros remedios naturales como leche fermentada.<\/p>\n\n\n\n<p>Lo que s\u00ed le funciona a una vecina es poner una malla mosquitera encima de las coles, ya que de esa manera las mariposas no pueden depositar sus huevos, e impide la proliferaci\u00f3n de orugas.<\/p>\n\n\n\n<figure class=\"wp-block-image size-medium is-style-rounded\"><img data-recalc-dims=\"1\" loading=\"lazy\" decoding=\"async\" width=\"300\" height=\"169\" sizes=\"auto, (max-width: 767px) 89vw, (max-width: 1000px) 54vw, (max-width: 1071px) 543px, 580px\" src=\"https:\/\/i0.wp.com\/shopcanarias.es\/wp-content\/uploads\/2022\/03\/malla-mosquitera-cubriendo-las-coles-en-el-huerto-ecologico-300x169.jpg?resize=300%2C169&#038;ssl=1\" alt=\"malla mosquitera cubriendo las coles en el huerto ecol\u00f3gico\" class=\"wp-image-8668\" srcset=\"https:\/\/i0.wp.com\/shopcanarias.es\/wp-content\/uploads\/2022\/03\/malla-mosquitera-cubriendo-las-coles-en-el-huerto-ecologico-scaled.jpg?resize=300%2C169&amp;ssl=1 300w, https:\/\/i0.wp.com\/shopcanarias.es\/wp-content\/uploads\/2022\/03\/malla-mosquitera-cubriendo-las-coles-en-el-huerto-ecologico-scaled.jpg?resize=1024%2C576&amp;ssl=1 1024w, https:\/\/i0.wp.com\/shopcanarias.es\/wp-content\/uploads\/2022\/03\/malla-mosquitera-cubriendo-las-coles-en-el-huerto-ecologico-scaled.jpg?resize=768%2C432&amp;ssl=1 768w, https:\/\/i0.wp.com\/shopcanarias.es\/wp-content\/uploads\/2022\/03\/malla-mosquitera-cubriendo-las-coles-en-el-huerto-ecologico-scaled.jpg?resize=1536%2C864&amp;ssl=1 1536w, https:\/\/i0.wp.com\/shopcanarias.es\/wp-content\/uploads\/2022\/03\/malla-mosquitera-cubriendo-las-coles-en-el-huerto-ecologico-scaled.jpg?resize=2048%2C1152&amp;ssl=1 2048w, https:\/\/i0.wp.com\/shopcanarias.es\/wp-content\/uploads\/2022\/03\/malla-mosquitera-cubriendo-las-coles-en-el-huerto-ecologico-scaled.jpg?resize=350%2C197&amp;ssl=1 350w\" \/><figcaption>Malla mosquitera cubriendo las coles en el huerto ecol\u00f3gico<\/figcaption><\/figure>\n\n\n\n<h3 class=\"wp-block-heading\"><span class=\"ez-toc-section\" id=\"Otros-consejos-utiles\"><\/span>Otros consejos \u00fatiles<span class=\"ez-toc-section-end\"><\/span><\/h3>\n\n\n\n<p>Antes de alquilar o comprar un huerto, ser\u00eda ideal hacer un an\u00e1lisis de laboratorio de muestras de tierra, para saber lo que nos vamos a encontrar. Nosotros no lo hicimos, e intuimos que el\/la anterior huerter@ cultiv\u00f3 verduras que agotaron el suelo en algunos bancales.<\/p>\n\n\n\n<p>Al plantar demasiados r\u00e1banos, y recolectarlos espaciados en el tiempo, se hinchan y se estallan, dejando una grieta, que a veces aprovechan los bichos para entrar, por lo que no debemos plantar m\u00e1s de lo que vamos a  comer cuando los vayamos a recolectar. <\/p>\n\n\n\n<figure class=\"wp-block-image size-medium is-style-rounded\"><img data-recalc-dims=\"1\" loading=\"lazy\" decoding=\"async\" width=\"300\" height=\"169\" sizes=\"auto, (max-width: 767px) 89vw, (max-width: 1000px) 54vw, (max-width: 1071px) 543px, 580px\" src=\"https:\/\/i0.wp.com\/shopcanarias.es\/wp-content\/uploads\/2022\/03\/rabanos-agrietados-del-huerto-ecologico-300x169.jpg?resize=300%2C169&#038;ssl=1\" alt=\"r\u00e1banos agrietados del huerto ecol\u00f3gico\" class=\"wp-image-8833\" srcset=\"https:\/\/i0.wp.com\/shopcanarias.es\/wp-content\/uploads\/2022\/03\/rabanos-agrietados-del-huerto-ecologico-scaled.jpg?resize=300%2C169&amp;ssl=1 300w, https:\/\/i0.wp.com\/shopcanarias.es\/wp-content\/uploads\/2022\/03\/rabanos-agrietados-del-huerto-ecologico-scaled.jpg?resize=1024%2C576&amp;ssl=1 1024w, https:\/\/i0.wp.com\/shopcanarias.es\/wp-content\/uploads\/2022\/03\/rabanos-agrietados-del-huerto-ecologico-scaled.jpg?resize=768%2C432&amp;ssl=1 768w, https:\/\/i0.wp.com\/shopcanarias.es\/wp-content\/uploads\/2022\/03\/rabanos-agrietados-del-huerto-ecologico-scaled.jpg?resize=1536%2C864&amp;ssl=1 1536w, https:\/\/i0.wp.com\/shopcanarias.es\/wp-content\/uploads\/2022\/03\/rabanos-agrietados-del-huerto-ecologico-scaled.jpg?resize=2048%2C1152&amp;ssl=1 2048w, https:\/\/i0.wp.com\/shopcanarias.es\/wp-content\/uploads\/2022\/03\/rabanos-agrietados-del-huerto-ecologico-scaled.jpg?resize=350%2C197&amp;ssl=1 350w\" \/><figcaption>R\u00e1banos agrietados del huerto ecol\u00f3gico, el de la derecha sano, y el de la izquierda invadido<\/figcaption><\/figure>\n\n\n\n<p>El chayote o la chayota es mejor germinarla entera. En el huerto plant\u00e9 dos semillas germinadas y con tallo, pero no salieron. Sin embargo, en casa germin\u00e9 el fruto entero durante m\u00e1s de un mes, en la oscuridad y al fresco, y cuando el tallo sali\u00f3 de la verdura un palmo, la trasplant\u00e9 y ya est\u00e1n saliendo las hojas. Ver foto en el enlace al final al huerto urbano.<\/p>\n\n\n\n<p>En su d\u00eda no me di cuenta, y ten\u00eda que haber plantado la calabaza y el pepino pegadas a la valla para que treparan. Ahora nos cuesta un mont\u00f3n gestionarlas a ras de suelo.<\/p>\n\n\n\n<p>Si no se dispone de un coche 4&#215;4 para bajar al huerto, para cargar por ejemplo fardos de paja, hace falta alquilar o pedir prestada una carretilla. Igualmente podemos pedir prestada puntualmente otras herramientas manuales.<\/p>\n\n\n\n<h3 class=\"wp-block-heading\"><span class=\"ez-toc-section\" id=\"Reflexionando-acerca-de-bancales-y-regadio\"><\/span>Reflexionando acerca de bancales y regad\u00edo<span class=\"ez-toc-section-end\"><\/span><\/h3>\n\n\n\n<p>La verdad es que no percibo la diferencia de los beneficios entre cultivar a ras de suelo, y cultivar en bancales elevados. Algunas verduras han crecido m\u00e1s a ras de suelo que en los bancales elevados, y otras han crecido m\u00e1s en los bancales elevados que a ras de suelo.<\/p>\n\n\n\n<p>Otra cosa que no me termina de convencer, es la practicidad de sembrar en bancales elevados. Consume tiempo instalar y mantener estos bancales, aunque es mejor para la espalda al quitar malas hierbas, y es mejor para retener la tierra que tamizas para cultivar, por ejemplo las zanahorias que necesitan una tierra suelta. Y ciertamente no percibo que los bancales elevados retengan el agua o la humedad, m\u00e1s que la tierra a ras de suelo. <\/p>\n\n\n\n<p>Una vecina de huerto tiene instalado regad\u00edo por goteo, aprovechando al m\u00e1ximo el tiempo que ella est\u00e1 en el huerto haciendo otras tareas, y optimizando el consumo de agua. Sin embargo, me da la sensaci\u00f3n de que tienes que supeditar el espacio donde cultivas, para que coincida con los huecos que tienen las tuber\u00edas, no siendo muy flexible para cambiar de planta, para trasplantar, para aumentar la separaci\u00f3n entre plantas, etc. <\/p>\n\n\n\n<h3 class=\"wp-block-heading\"><span class=\"ez-toc-section\" id=\"Fuentes-de-informacion-oficiales-para-el-huerto-ecologico\"><\/span>Fuentes de informaci\u00f3n oficiales para el huerto ecol\u00f3gico<span class=\"ez-toc-section-end\"><\/span><\/h3>\n\n\n\n<p>A continuaci\u00f3n dejo datos de contacto de organismos oficiales que informan, forman y asesoran sobre agricultura en Tenerife;<\/p>\n\n\n\n<ul class=\"wp-block-list\"><li>Consejer\u00eda Insular de Agricultura del Cabildo de Tenerife (p\u00e1gina oficial del gobierno de la isla de Tenerife); www.agrocabildo.org .<\/li><li>Agencia Agraria (p\u00e1gina oficial) del Ayuntamiento de La Orotava; agricultura@villadelaorotava.org .<\/li><\/ul>\n\n\n\n<h2 class=\"wp-block-heading\"><span class=\"ez-toc-section\" id=\"Conclusiones\"><\/span>Conclusiones<span class=\"ez-toc-section-end\"><\/span><\/h2>\n\n\n\n<p>Al final he de decir que hemos ganado en salud, porque no siempre pod\u00eda encontrar donde comprar todas las verduras ecol\u00f3gicas de temporada, por ejemplo las chayotas o chayotes. Al tener el huerto ecol\u00f3gico hemos comido m\u00e1s verduras \ud83e\udd57 , m\u00e1s variedad de ellas, y con un olor y sabor m\u00e1s intenso. Tambi\u00e9n me acostumbr\u00e9 a comer las hojas de las verduras, como por ejemplo las hojas de los r\u00e1banos, el nabo, la remolacha, el hinojo, etc.<\/p>\n\n\n\n<p>Sin embargo no ha sido rentable econ\u00f3micamente hablando, porque al no plantar frutales en el huerto ecol\u00f3gico, debido a que tendr\u00edamos que esperar a\u00f1os para que den fruto, y teniendo que comprar la fruta adem\u00e1s de pagar el huerto, lo que nos hemos ahorrado en la compra de verduras ecol\u00f3gicas, no ha compensado los gastos ocasionados en cultivarlos.<\/p>\n\n\n\n<p>Esperamos que este art\u00edculo haya sido \u00fatil, y deseamos que te anime a probar y a experimentar el cultivo de tus propias verduras y frutas ecol\u00f3gicas en casa o en el campo. <\/p>\n\n\n\n<p>\u00bfNo tienes terraza, ni balc\u00f3n, ni azotea, ni solana, ni jard\u00edn, ni huerto?, pues explora el cultivo hidrop\u00f3nico.<\/p>\n\n\n\n<p><\/p>\n\n\n\n<p class=\"has-text-align-center has-medium-font-size\"><strong><em>Muchas gracias por la visita, y \u00a1 hasta pronto ! .<\/em><\/strong><\/p>\n\n\n\n<p><\/p>\n\n\n\n<div class=\"wp-block-buttons is-layout-flex wp-block-buttons-is-layout-flex\">\n<div class=\"wp-block-button\"><a class=\"wp-block-button__link has-vivid-green-cyan-background-color has-background\" href=\"https:\/\/shopcanarias.es\/index.php\/2020\/04\/23\/pimiento-ecologico-en-tu-huerto-urbano\/\">Plantar en Huerto Urbano <\/a><\/div>\n\n\n\n<div class=\"wp-block-button is-style-fill\"><a class=\"wp-block-button__link has-vivid-green-cyan-background-color has-background\" href=\"https:\/\/shopcanarias.es\/index.php\/2020\/05\/25\/reciclando-y-reduciendo-emisiones\/\">Reciclar y Reducir Emisiones <\/a><\/div>\n<\/div>\n<div class=\"gsp_post_data\" \r\n\t            data-post_type=\"post\" \r\n\t            data-cat=\"trucos-y-consejos\" \r\n\t            data-modified=\"120\"\r\n\t            data-created=\"1646081745\"\r\n\t            data-title=\"C\u00f3mo hacer un huerto ecol\u00f3gico en el campo\" \r\n\t            data-home=\"https:\/\/shopcanarias.es\"><\/div>","protected":false},"excerpt":{"rendered":"<p>\u00bfPor qu\u00e9 cultivar un huerto ecol\u00f3gico? Despu\u00e9s de haber hecho un huerto ecol\u00f3gico en casa, lo que llaman huerto urbano, y que a\u00fan mantenemos despu\u00e9s de muchos a\u00f1os, decidimos dar el siguiente paso, que era cultivar un huerto ecol\u00f3gico en el campo, en el que llevamos ya cinco meses. Ten\u00edamos la duda de si crecer\u00edan &hellip; <\/p>\n<p class=\"link-more\"><a href=\"https:\/\/shopcanarias.es\/index.php\/2022\/02\/28\/como-hacer-un-huerto-ecologico-en-el-campo\/\" class=\"more-link\">Continuar leyendo<span class=\"screen-reader-text\"> \u00abC\u00f3mo hacer un huerto ecol\u00f3gico en el campo\u00bb<\/span><\/a><\/p>\n","protected":false},"author":1,"featured_media":0,"comment_status":"open","ping_status":"open","sticky":false,"template":"","format":"standard","meta":{"_jetpack_memberships_contains_paid_content":false,"footnotes":""},"categories":[114],"tags":[955,954,33,956],"class_list":["post-8520","post","type-post","status-publish","format-standard","hentry","category-trucos-y-consejos","tag-agricultura-ecologica","tag-huerto-ecologico","tag-shopcanarias-es","tag-verdura-ecologica"],"yoast_head":"<!-- This site is optimized with the Yoast SEO plugin v27.4 - https:\/\/yoast.com\/product\/yoast-seo-wordpress\/ -->\n<title>C\u00f3mo hacer un huerto ecol\u00f3gico en el campo - ShopCanarias.es<\/title>\n<meta name=\"description\" content=\"Fotos, fases, trucos y consejos. Desde la b\u00fasqueda de un huerto, pasando por la siembra, y hasta la recolecci\u00f3n de las verduras.\" \/>\n<meta name=\"robots\" content=\"index, follow, max-snippet:-1, max-image-preview:large, max-video-preview:-1\" \/>\n<link rel=\"canonical\" href=\"https:\/\/shopcanarias.es\/index.php\/2022\/02\/28\/como-hacer-un-huerto-ecologico-en-el-campo\/\" \/>\n<meta property=\"og:locale\" content=\"es_ES\" \/>\n<meta property=\"og:type\" content=\"article\" \/>\n<meta property=\"og:title\" content=\"C\u00f3mo hacer un huerto ecol\u00f3gico en el campo - ShopCanarias.es\" \/>\n<meta property=\"og:description\" content=\"Fotos, fases, trucos y consejos. Desde la b\u00fasqueda de un huerto, pasando por la siembra, y hasta la recolecci\u00f3n de las verduras.\" \/>\n<meta property=\"og:url\" content=\"https:\/\/shopcanarias.es\/index.php\/2022\/02\/28\/como-hacer-un-huerto-ecologico-en-el-campo\/\" \/>\n<meta property=\"og:site_name\" content=\"ShopCanarias.es\" \/>\n<meta property=\"article:publisher\" content=\"https:\/\/www.facebook.com\/ShopCanariases-105415177519237\/?modal=admin_todo_tour\" \/>\n<meta property=\"article:published_time\" content=\"2022-02-28T19:55:45+00:00\" \/>\n<meta property=\"article:modified_time\" content=\"2022-04-12T18:19:47+00:00\" \/>\n<meta property=\"og:image\" content=\"https:\/\/shopcanarias.es\/wp-content\/uploads\/2022\/02\/girasol-con-abeja-y-huerto-ecologico-de-fondo-1024x576.jpg\" \/>\n<meta name=\"author\" content=\"admin\" \/>\n<meta name=\"twitter:card\" content=\"summary_large_image\" \/>\n<meta name=\"twitter:creator\" content=\"@shopcanarias\" \/>\n<meta name=\"twitter:site\" content=\"@shopcanarias\" \/>\n<meta name=\"twitter:label1\" content=\"Escrito por\" \/>\n\t<meta name=\"twitter:data1\" content=\"admin\" \/>\n\t<meta name=\"twitter:label2\" content=\"Tiempo de lectura\" \/>\n\t<meta name=\"twitter:data2\" content=\"39 minutos\" \/>\n<script type=\"application\/ld+json\" class=\"yoast-schema-graph\">{\"@context\":\"https:\\\/\\\/schema.org\",\"@graph\":[{\"@type\":\"Article\",\"@id\":\"https:\\\/\\\/shopcanarias.es\\\/index.php\\\/2022\\\/02\\\/28\\\/como-hacer-un-huerto-ecologico-en-el-campo\\\/#article\",\"isPartOf\":{\"@id\":\"https:\\\/\\\/shopcanarias.es\\\/index.php\\\/2022\\\/02\\\/28\\\/como-hacer-un-huerto-ecologico-en-el-campo\\\/\"},\"author\":{\"name\":\"admin\",\"@id\":\"https:\\\/\\\/shopcanarias.es\\\/#\\\/schema\\\/person\\\/2d994d622ec613f9d8448aa15d8959de\"},\"headline\":\"C\u00f3mo hacer un huerto ecol\u00f3gico en el campo\",\"datePublished\":\"2022-02-28T19:55:45+00:00\",\"dateModified\":\"2022-04-12T18:19:47+00:00\",\"mainEntityOfPage\":{\"@id\":\"https:\\\/\\\/shopcanarias.es\\\/index.php\\\/2022\\\/02\\\/28\\\/como-hacer-un-huerto-ecologico-en-el-campo\\\/\"},\"wordCount\":5508,\"commentCount\":0,\"publisher\":{\"@id\":\"https:\\\/\\\/shopcanarias.es\\\/#organization\"},\"image\":{\"@id\":\"https:\\\/\\\/shopcanarias.es\\\/index.php\\\/2022\\\/02\\\/28\\\/como-hacer-un-huerto-ecologico-en-el-campo\\\/#primaryimage\"},\"thumbnailUrl\":\"https:\\\/\\\/shopcanarias.es\\\/wp-content\\\/uploads\\\/2022\\\/02\\\/girasol-con-abeja-y-huerto-ecologico-de-fondo-1024x576.jpg\",\"keywords\":[\"agricultura ecol\u00f3gica\",\"huerto ecol\u00f3gico\",\"ShopCanarias.es\",\"verdura ecol\u00f3gica\"],\"articleSection\":[\"Trucos y consejos\"],\"inLanguage\":\"es\",\"potentialAction\":[{\"@type\":\"CommentAction\",\"name\":\"Comment\",\"target\":[\"https:\\\/\\\/shopcanarias.es\\\/index.php\\\/2022\\\/02\\\/28\\\/como-hacer-un-huerto-ecologico-en-el-campo\\\/#respond\"]}]},{\"@type\":\"WebPage\",\"@id\":\"https:\\\/\\\/shopcanarias.es\\\/index.php\\\/2022\\\/02\\\/28\\\/como-hacer-un-huerto-ecologico-en-el-campo\\\/\",\"url\":\"https:\\\/\\\/shopcanarias.es\\\/index.php\\\/2022\\\/02\\\/28\\\/como-hacer-un-huerto-ecologico-en-el-campo\\\/\",\"name\":\"C\u00f3mo hacer un huerto ecol\u00f3gico en el campo - ShopCanarias.es\",\"isPartOf\":{\"@id\":\"https:\\\/\\\/shopcanarias.es\\\/#website\"},\"primaryImageOfPage\":{\"@id\":\"https:\\\/\\\/shopcanarias.es\\\/index.php\\\/2022\\\/02\\\/28\\\/como-hacer-un-huerto-ecologico-en-el-campo\\\/#primaryimage\"},\"image\":{\"@id\":\"https:\\\/\\\/shopcanarias.es\\\/index.php\\\/2022\\\/02\\\/28\\\/como-hacer-un-huerto-ecologico-en-el-campo\\\/#primaryimage\"},\"thumbnailUrl\":\"https:\\\/\\\/shopcanarias.es\\\/wp-content\\\/uploads\\\/2022\\\/02\\\/girasol-con-abeja-y-huerto-ecologico-de-fondo-1024x576.jpg\",\"datePublished\":\"2022-02-28T19:55:45+00:00\",\"dateModified\":\"2022-04-12T18:19:47+00:00\",\"description\":\"Fotos, fases, trucos y consejos. Desde la b\u00fasqueda de un huerto, pasando por la siembra, y hasta la recolecci\u00f3n de las verduras.\",\"breadcrumb\":{\"@id\":\"https:\\\/\\\/shopcanarias.es\\\/index.php\\\/2022\\\/02\\\/28\\\/como-hacer-un-huerto-ecologico-en-el-campo\\\/#breadcrumb\"},\"inLanguage\":\"es\",\"potentialAction\":[{\"@type\":\"ReadAction\",\"target\":[\"https:\\\/\\\/shopcanarias.es\\\/index.php\\\/2022\\\/02\\\/28\\\/como-hacer-un-huerto-ecologico-en-el-campo\\\/\"]}]},{\"@type\":\"ImageObject\",\"inLanguage\":\"es\",\"@id\":\"https:\\\/\\\/shopcanarias.es\\\/index.php\\\/2022\\\/02\\\/28\\\/como-hacer-un-huerto-ecologico-en-el-campo\\\/#primaryimage\",\"url\":\"https:\\\/\\\/i0.wp.com\\\/shopcanarias.es\\\/wp-content\\\/uploads\\\/2022\\\/02\\\/girasol-con-abeja-y-huerto-ecologico-de-fondo-scaled.jpg?fit=2560%2C1440&ssl=1\",\"contentUrl\":\"https:\\\/\\\/i0.wp.com\\\/shopcanarias.es\\\/wp-content\\\/uploads\\\/2022\\\/02\\\/girasol-con-abeja-y-huerto-ecologico-de-fondo-scaled.jpg?fit=2560%2C1440&ssl=1\",\"width\":2560,\"height\":1440,\"caption\":\"Girasol con abeja y el huerto ecol\u00f3gico al fondo\"},{\"@type\":\"BreadcrumbList\",\"@id\":\"https:\\\/\\\/shopcanarias.es\\\/index.php\\\/2022\\\/02\\\/28\\\/como-hacer-un-huerto-ecologico-en-el-campo\\\/#breadcrumb\",\"itemListElement\":[{\"@type\":\"ListItem\",\"position\":1,\"name\":\"Home\",\"item\":\"https:\\\/\\\/shopcanarias.es\\\/\"},{\"@type\":\"ListItem\",\"position\":2,\"name\":\"C\u00f3mo hacer un huerto ecol\u00f3gico en el campo\"}]},{\"@type\":\"WebSite\",\"@id\":\"https:\\\/\\\/shopcanarias.es\\\/#website\",\"url\":\"https:\\\/\\\/shopcanarias.es\\\/\",\"name\":\"ShopCanarias.es\",\"description\":\"Tienda online de productos y servicios de las Islas Canarias\",\"publisher\":{\"@id\":\"https:\\\/\\\/shopcanarias.es\\\/#organization\"},\"potentialAction\":[{\"@type\":\"SearchAction\",\"target\":{\"@type\":\"EntryPoint\",\"urlTemplate\":\"https:\\\/\\\/shopcanarias.es\\\/?s={search_term_string}\"},\"query-input\":{\"@type\":\"PropertyValueSpecification\",\"valueRequired\":true,\"valueName\":\"search_term_string\"}}],\"inLanguage\":\"es\"},{\"@type\":\"Organization\",\"@id\":\"https:\\\/\\\/shopcanarias.es\\\/#organization\",\"name\":\"Marketplace Canarias SL\",\"url\":\"https:\\\/\\\/shopcanarias.es\\\/\",\"logo\":{\"@type\":\"ImageObject\",\"inLanguage\":\"es\",\"@id\":\"https:\\\/\\\/shopcanarias.es\\\/#\\\/schema\\\/logo\\\/image\\\/\",\"url\":\"https:\\\/\\\/i0.wp.com\\\/shopcanarias.es\\\/wp-content\\\/uploads\\\/2020\\\/04\\\/Logotipo_Ajustado_Color_300-ppp-scaled.jpg?fit=2560%2C467&ssl=1\",\"contentUrl\":\"https:\\\/\\\/i0.wp.com\\\/shopcanarias.es\\\/wp-content\\\/uploads\\\/2020\\\/04\\\/Logotipo_Ajustado_Color_300-ppp-scaled.jpg?fit=2560%2C467&ssl=1\",\"width\":2560,\"height\":467,\"caption\":\"Marketplace Canarias SL\"},\"image\":{\"@id\":\"https:\\\/\\\/shopcanarias.es\\\/#\\\/schema\\\/logo\\\/image\\\/\"},\"sameAs\":[\"https:\\\/\\\/www.facebook.com\\\/ShopCanariases-105415177519237\\\/?modal=admin_todo_tour\",\"https:\\\/\\\/x.com\\\/shopcanarias\",\"https:\\\/\\\/www.instagram.com\\\/shopcanarias\\\/?hl=es\",\"https:\\\/\\\/www.pinterest.es\\\/pin\\\/611222980666854387\\\/\",\"https:\\\/\\\/www.youtube.com\\\/channel\\\/UCqPIEQS9SBuvJrMWJV8YxuA\"]},{\"@type\":\"Person\",\"@id\":\"https:\\\/\\\/shopcanarias.es\\\/#\\\/schema\\\/person\\\/2d994d622ec613f9d8448aa15d8959de\",\"name\":\"admin\",\"image\":{\"@type\":\"ImageObject\",\"inLanguage\":\"es\",\"@id\":\"https:\\\/\\\/secure.gravatar.com\\\/avatar\\\/7a1d1f4454a73b71f210b2bfccf22fccfb4832688447624a4f7b1cea8ff002fc?s=96&r=g\",\"url\":\"https:\\\/\\\/secure.gravatar.com\\\/avatar\\\/7a1d1f4454a73b71f210b2bfccf22fccfb4832688447624a4f7b1cea8ff002fc?s=96&r=g\",\"contentUrl\":\"https:\\\/\\\/secure.gravatar.com\\\/avatar\\\/7a1d1f4454a73b71f210b2bfccf22fccfb4832688447624a4f7b1cea8ff002fc?s=96&r=g\",\"caption\":\"admin\"},\"url\":\"https:\\\/\\\/shopcanarias.es\\\/index.php\\\/author\\\/admin\\\/\"}]}<\/script>\n<!-- \/ Yoast SEO plugin. -->","yoast_head_json":{"title":"C\u00f3mo hacer un huerto ecol\u00f3gico en el campo - ShopCanarias.es","description":"Fotos, fases, trucos y consejos. Desde la b\u00fasqueda de un huerto, pasando por la siembra, y hasta la recolecci\u00f3n de las verduras.","robots":{"index":"index","follow":"follow","max-snippet":"max-snippet:-1","max-image-preview":"max-image-preview:large","max-video-preview":"max-video-preview:-1"},"canonical":"https:\/\/shopcanarias.es\/index.php\/2022\/02\/28\/como-hacer-un-huerto-ecologico-en-el-campo\/","og_locale":"es_ES","og_type":"article","og_title":"C\u00f3mo hacer un huerto ecol\u00f3gico en el campo - ShopCanarias.es","og_description":"Fotos, fases, trucos y consejos. Desde la b\u00fasqueda de un huerto, pasando por la siembra, y hasta la recolecci\u00f3n de las verduras.","og_url":"https:\/\/shopcanarias.es\/index.php\/2022\/02\/28\/como-hacer-un-huerto-ecologico-en-el-campo\/","og_site_name":"ShopCanarias.es","article_publisher":"https:\/\/www.facebook.com\/ShopCanariases-105415177519237\/?modal=admin_todo_tour","article_published_time":"2022-02-28T19:55:45+00:00","article_modified_time":"2022-04-12T18:19:47+00:00","og_image":[{"url":"https:\/\/shopcanarias.es\/wp-content\/uploads\/2022\/02\/girasol-con-abeja-y-huerto-ecologico-de-fondo-1024x576.jpg","type":"","width":"","height":""}],"author":"admin","twitter_card":"summary_large_image","twitter_creator":"@shopcanarias","twitter_site":"@shopcanarias","twitter_misc":{"Escrito por":"admin","Tiempo de lectura":"39 minutos"},"schema":{"@context":"https:\/\/schema.org","@graph":[{"@type":"Article","@id":"https:\/\/shopcanarias.es\/index.php\/2022\/02\/28\/como-hacer-un-huerto-ecologico-en-el-campo\/#article","isPartOf":{"@id":"https:\/\/shopcanarias.es\/index.php\/2022\/02\/28\/como-hacer-un-huerto-ecologico-en-el-campo\/"},"author":{"name":"admin","@id":"https:\/\/shopcanarias.es\/#\/schema\/person\/2d994d622ec613f9d8448aa15d8959de"},"headline":"C\u00f3mo hacer un huerto ecol\u00f3gico en el campo","datePublished":"2022-02-28T19:55:45+00:00","dateModified":"2022-04-12T18:19:47+00:00","mainEntityOfPage":{"@id":"https:\/\/shopcanarias.es\/index.php\/2022\/02\/28\/como-hacer-un-huerto-ecologico-en-el-campo\/"},"wordCount":5508,"commentCount":0,"publisher":{"@id":"https:\/\/shopcanarias.es\/#organization"},"image":{"@id":"https:\/\/shopcanarias.es\/index.php\/2022\/02\/28\/como-hacer-un-huerto-ecologico-en-el-campo\/#primaryimage"},"thumbnailUrl":"https:\/\/shopcanarias.es\/wp-content\/uploads\/2022\/02\/girasol-con-abeja-y-huerto-ecologico-de-fondo-1024x576.jpg","keywords":["agricultura ecol\u00f3gica","huerto ecol\u00f3gico","ShopCanarias.es","verdura ecol\u00f3gica"],"articleSection":["Trucos y consejos"],"inLanguage":"es","potentialAction":[{"@type":"CommentAction","name":"Comment","target":["https:\/\/shopcanarias.es\/index.php\/2022\/02\/28\/como-hacer-un-huerto-ecologico-en-el-campo\/#respond"]}]},{"@type":"WebPage","@id":"https:\/\/shopcanarias.es\/index.php\/2022\/02\/28\/como-hacer-un-huerto-ecologico-en-el-campo\/","url":"https:\/\/shopcanarias.es\/index.php\/2022\/02\/28\/como-hacer-un-huerto-ecologico-en-el-campo\/","name":"C\u00f3mo hacer un huerto ecol\u00f3gico en el campo - ShopCanarias.es","isPartOf":{"@id":"https:\/\/shopcanarias.es\/#website"},"primaryImageOfPage":{"@id":"https:\/\/shopcanarias.es\/index.php\/2022\/02\/28\/como-hacer-un-huerto-ecologico-en-el-campo\/#primaryimage"},"image":{"@id":"https:\/\/shopcanarias.es\/index.php\/2022\/02\/28\/como-hacer-un-huerto-ecologico-en-el-campo\/#primaryimage"},"thumbnailUrl":"https:\/\/shopcanarias.es\/wp-content\/uploads\/2022\/02\/girasol-con-abeja-y-huerto-ecologico-de-fondo-1024x576.jpg","datePublished":"2022-02-28T19:55:45+00:00","dateModified":"2022-04-12T18:19:47+00:00","description":"Fotos, fases, trucos y consejos. Desde la b\u00fasqueda de un huerto, pasando por la siembra, y hasta la recolecci\u00f3n de las verduras.","breadcrumb":{"@id":"https:\/\/shopcanarias.es\/index.php\/2022\/02\/28\/como-hacer-un-huerto-ecologico-en-el-campo\/#breadcrumb"},"inLanguage":"es","potentialAction":[{"@type":"ReadAction","target":["https:\/\/shopcanarias.es\/index.php\/2022\/02\/28\/como-hacer-un-huerto-ecologico-en-el-campo\/"]}]},{"@type":"ImageObject","inLanguage":"es","@id":"https:\/\/shopcanarias.es\/index.php\/2022\/02\/28\/como-hacer-un-huerto-ecologico-en-el-campo\/#primaryimage","url":"https:\/\/i0.wp.com\/shopcanarias.es\/wp-content\/uploads\/2022\/02\/girasol-con-abeja-y-huerto-ecologico-de-fondo-scaled.jpg?fit=2560%2C1440&ssl=1","contentUrl":"https:\/\/i0.wp.com\/shopcanarias.es\/wp-content\/uploads\/2022\/02\/girasol-con-abeja-y-huerto-ecologico-de-fondo-scaled.jpg?fit=2560%2C1440&ssl=1","width":2560,"height":1440,"caption":"Girasol con abeja y el huerto ecol\u00f3gico al fondo"},{"@type":"BreadcrumbList","@id":"https:\/\/shopcanarias.es\/index.php\/2022\/02\/28\/como-hacer-un-huerto-ecologico-en-el-campo\/#breadcrumb","itemListElement":[{"@type":"ListItem","position":1,"name":"Home","item":"https:\/\/shopcanarias.es\/"},{"@type":"ListItem","position":2,"name":"C\u00f3mo hacer un huerto ecol\u00f3gico en el campo"}]},{"@type":"WebSite","@id":"https:\/\/shopcanarias.es\/#website","url":"https:\/\/shopcanarias.es\/","name":"ShopCanarias.es","description":"Tienda online de productos y servicios de las Islas Canarias","publisher":{"@id":"https:\/\/shopcanarias.es\/#organization"},"potentialAction":[{"@type":"SearchAction","target":{"@type":"EntryPoint","urlTemplate":"https:\/\/shopcanarias.es\/?s={search_term_string}"},"query-input":{"@type":"PropertyValueSpecification","valueRequired":true,"valueName":"search_term_string"}}],"inLanguage":"es"},{"@type":"Organization","@id":"https:\/\/shopcanarias.es\/#organization","name":"Marketplace Canarias SL","url":"https:\/\/shopcanarias.es\/","logo":{"@type":"ImageObject","inLanguage":"es","@id":"https:\/\/shopcanarias.es\/#\/schema\/logo\/image\/","url":"https:\/\/i0.wp.com\/shopcanarias.es\/wp-content\/uploads\/2020\/04\/Logotipo_Ajustado_Color_300-ppp-scaled.jpg?fit=2560%2C467&ssl=1","contentUrl":"https:\/\/i0.wp.com\/shopcanarias.es\/wp-content\/uploads\/2020\/04\/Logotipo_Ajustado_Color_300-ppp-scaled.jpg?fit=2560%2C467&ssl=1","width":2560,"height":467,"caption":"Marketplace Canarias SL"},"image":{"@id":"https:\/\/shopcanarias.es\/#\/schema\/logo\/image\/"},"sameAs":["https:\/\/www.facebook.com\/ShopCanariases-105415177519237\/?modal=admin_todo_tour","https:\/\/x.com\/shopcanarias","https:\/\/www.instagram.com\/shopcanarias\/?hl=es","https:\/\/www.pinterest.es\/pin\/611222980666854387\/","https:\/\/www.youtube.com\/channel\/UCqPIEQS9SBuvJrMWJV8YxuA"]},{"@type":"Person","@id":"https:\/\/shopcanarias.es\/#\/schema\/person\/2d994d622ec613f9d8448aa15d8959de","name":"admin","image":{"@type":"ImageObject","inLanguage":"es","@id":"https:\/\/secure.gravatar.com\/avatar\/7a1d1f4454a73b71f210b2bfccf22fccfb4832688447624a4f7b1cea8ff002fc?s=96&r=g","url":"https:\/\/secure.gravatar.com\/avatar\/7a1d1f4454a73b71f210b2bfccf22fccfb4832688447624a4f7b1cea8ff002fc?s=96&r=g","contentUrl":"https:\/\/secure.gravatar.com\/avatar\/7a1d1f4454a73b71f210b2bfccf22fccfb4832688447624a4f7b1cea8ff002fc?s=96&r=g","caption":"admin"},"url":"https:\/\/shopcanarias.es\/index.php\/author\/admin\/"}]}},"jetpack_featured_media_url":"","jetpack_sharing_enabled":true,"_links":{"self":[{"href":"https:\/\/shopcanarias.es\/index.php\/wp-json\/wp\/v2\/posts\/8520","targetHints":{"allow":["GET"]}}],"collection":[{"href":"https:\/\/shopcanarias.es\/index.php\/wp-json\/wp\/v2\/posts"}],"about":[{"href":"https:\/\/shopcanarias.es\/index.php\/wp-json\/wp\/v2\/types\/post"}],"author":[{"embeddable":true,"href":"https:\/\/shopcanarias.es\/index.php\/wp-json\/wp\/v2\/users\/1"}],"replies":[{"embeddable":true,"href":"https:\/\/shopcanarias.es\/index.php\/wp-json\/wp\/v2\/comments?post=8520"}],"version-history":[{"count":0,"href":"https:\/\/shopcanarias.es\/index.php\/wp-json\/wp\/v2\/posts\/8520\/revisions"}],"wp:attachment":[{"href":"https:\/\/shopcanarias.es\/index.php\/wp-json\/wp\/v2\/media?parent=8520"}],"wp:term":[{"taxonomy":"category","embeddable":true,"href":"https:\/\/shopcanarias.es\/index.php\/wp-json\/wp\/v2\/categories?post=8520"},{"taxonomy":"post_tag","embeddable":true,"href":"https:\/\/shopcanarias.es\/index.php\/wp-json\/wp\/v2\/tags?post=8520"}],"curies":[{"name":"wp","href":"https:\/\/api.w.org\/{rel}","templated":true}]}}