{"id":2530,"date":"2020-08-07T14:54:07","date_gmt":"2020-08-07T13:54:07","guid":{"rendered":"https:\/\/shopcanarias.es\/index.php\/2020\/08\/07\/dunst\/"},"modified":"2020-09-07T07:56:48","modified_gmt":"2020-09-07T06:56:48","slug":"dunst","status":"publish","type":"post","link":"https:\/\/shopcanarias.es\/index.php\/de\/2020\/08\/07\/dunst\/","title":{"rendered":"Calima"},"content":{"rendered":"\n<p>Dunst sind sehr kleine Partikel von schwebigem Staub, und auf den Kanarischen Inseln wird es manchmal ein- oder zweimal im Jahr (im Fr\u00fchjahr und\/oder Sommer) provoziert, aufgrund von Absadern und Tonen, die mit Winden aus Afrika im S\u00fcden und S\u00fcdosten kommen. <\/p>\n\n<p>  <\/p>\n\n<figure class=\"wp-block-image size-large\"><img data-recalc-dims=\"1\" loading=\"lazy\" decoding=\"async\" width=\"525\" height=\"394\" sizes=\"auto, (max-width: 767px) 89vw, (max-width: 1000px) 54vw, (max-width: 1071px) 543px, 580px\" src=\"https:\/\/i0.wp.com\/shopcanarias.es\/wp-content\/uploads\/2020\/02\/P1312934.jpg?resize=525%2C394&#038;ssl=1\" alt=\"Der Teide mit dunst\" class=\"wp-image-53\" srcset=\"https:\/\/i0.wp.com\/shopcanarias.es\/wp-content\/uploads\/2020\/02\/P1312934.jpg?resize=1024%2C768&amp;ssl=1 1024w, https:\/\/i0.wp.com\/shopcanarias.es\/wp-content\/uploads\/2020\/02\/P1312934.jpg?resize=350%2C263&amp;ssl=1 350w, https:\/\/i0.wp.com\/shopcanarias.es\/wp-content\/uploads\/2020\/02\/P1312934.jpg?resize=300%2C225&amp;ssl=1 300w, https:\/\/i0.wp.com\/shopcanarias.es\/wp-content\/uploads\/2020\/02\/P1312934.jpg?resize=768%2C576&amp;ssl=1 768w, https:\/\/i0.wp.com\/shopcanarias.es\/wp-content\/uploads\/2020\/02\/P1312934.jpg?resize=1536%2C1152&amp;ssl=1 1536w, https:\/\/i0.wp.com\/shopcanarias.es\/wp-content\/uploads\/2020\/02\/P1312934.jpg?w=2048&amp;ssl=1 2048w\" \/><figcaption>Foto aufgenommen von ShopCanarias.es. Der Teide mit dunst.<\/figcaption><\/figure>\n<p>Aber keine Sorge, es dauert nur ein paar Tage, oder verschwindet fr\u00fcher, wenn es regnet. Aber wenn Sie Asthma haben, dann sollten Sie auf Ihre Symptome achten.<\/p>\n\n<figure class=\"wp-block-image size-large is-style-circle-mask\"><img data-recalc-dims=\"1\" loading=\"lazy\" decoding=\"async\" width=\"525\" height=\"394\" sizes=\"auto, (max-width: 767px) 89vw, (max-width: 1000px) 54vw, (max-width: 1071px) 543px, 580px\" src=\"https:\/\/i0.wp.com\/shopcanarias.es\/wp-content\/uploads\/2020\/02\/P2012952.jpg?resize=525%2C394&#038;ssl=1\" alt=\"Der Teide, w&#xE4;hrend die dunst verschwindet\" class=\"wp-image-54\" srcset=\"https:\/\/i0.wp.com\/shopcanarias.es\/wp-content\/uploads\/2020\/02\/P2012952.jpg?resize=1024%2C768&amp;ssl=1 1024w, https:\/\/i0.wp.com\/shopcanarias.es\/wp-content\/uploads\/2020\/02\/P2012952.jpg?resize=350%2C263&amp;ssl=1 350w, https:\/\/i0.wp.com\/shopcanarias.es\/wp-content\/uploads\/2020\/02\/P2012952.jpg?resize=300%2C225&amp;ssl=1 300w, https:\/\/i0.wp.com\/shopcanarias.es\/wp-content\/uploads\/2020\/02\/P2012952.jpg?resize=768%2C576&amp;ssl=1 768w, https:\/\/i0.wp.com\/shopcanarias.es\/wp-content\/uploads\/2020\/02\/P2012952.jpg?resize=1536%2C1152&amp;ssl=1 1536w, https:\/\/i0.wp.com\/shopcanarias.es\/wp-content\/uploads\/2020\/02\/P2012952.jpg?w=2048&amp;ssl=1 2048w\" \/><figcaption>Foto aufgenommen von ShopCanarias.es. <em>Blick auf den Teide, aus dem Norden Teneriffas, wenn die dunst verschwindet.<\/em> <\/figcaption><\/figure>\n<p>Vergessen Sie nicht, h\u00e4ufig zu hydratisieren, tragen Sie eine M\u00fctze und Sonnenbrille, und setzen Sie auf Sonnenschutz von Zeit zu Zeit. Und versuchen Sie, volle Sonneneinstrahlung zwischen Mittag und sechs Uhr nachmittags zu vermeiden, vor allem, wenn Sie mit Kindern reisen. Es w\u00e4re auch hilfreich, einen Regenschirm im Auto zu tragen.<\/p>\n\n<figure class=\"wp-block-image size-large\"><img data-recalc-dims=\"1\" loading=\"lazy\" decoding=\"async\" width=\"525\" height=\"198\" sizes=\"auto, (max-width: 767px) 89vw, (max-width: 1000px) 54vw, (max-width: 1071px) 543px, 580px\" src=\"https:\/\/i0.wp.com\/shopcanarias.es\/wp-content\/uploads\/2020\/02\/P2012949.jpg?resize=525%2C198&#038;ssl=1\" alt=\"Ansichten von El Teide\" class=\"wp-image-58\" srcset=\"https:\/\/i0.wp.com\/shopcanarias.es\/wp-content\/uploads\/2020\/02\/P2012949-scaled.jpg?resize=1024%2C387&amp;ssl=1 1024w, https:\/\/i0.wp.com\/shopcanarias.es\/wp-content\/uploads\/2020\/02\/P2012949-scaled.jpg?resize=350%2C132&amp;ssl=1 350w, https:\/\/i0.wp.com\/shopcanarias.es\/wp-content\/uploads\/2020\/02\/P2012949-scaled.jpg?resize=300%2C113&amp;ssl=1 300w, https:\/\/i0.wp.com\/shopcanarias.es\/wp-content\/uploads\/2020\/02\/P2012949-scaled.jpg?resize=768%2C290&amp;ssl=1 768w, https:\/\/i0.wp.com\/shopcanarias.es\/wp-content\/uploads\/2020\/02\/P2012949-scaled.jpg?resize=1536%2C580&amp;ssl=1 1536w, https:\/\/i0.wp.com\/shopcanarias.es\/wp-content\/uploads\/2020\/02\/P2012949-scaled.jpg?resize=2048%2C774&amp;ssl=1 2048w\" \/><figcaption>Foto aufgenommen von ShopCanarias.es. Blick auf El Teide.<\/figcaption><\/figure>\n<p>Und manchmal, wenn die dunst verschwindet, lichte sich der Himmel der Kanarischen Inseln, und Sie k\u00f6nnen die Silhouetten der restlichen Inseln sehen.<\/p>\n\n<p><\/p>\n\n<figure class=\"wp-block-image size-large\"><img data-recalc-dims=\"1\" loading=\"lazy\" decoding=\"async\" width=\"525\" height=\"394\" sizes=\"auto, (max-width: 767px) 89vw, (max-width: 1000px) 54vw, (max-width: 1071px) 543px, 580px\" src=\"https:\/\/i0.wp.com\/shopcanarias.es\/wp-content\/uploads\/2020\/02\/P2012950.jpg?resize=525%2C394&#038;ssl=1\" alt=\"Silhouette der Insel La Palma von Teneriffa aus gesehen\" class=\"wp-image-55\" srcset=\"https:\/\/i0.wp.com\/shopcanarias.es\/wp-content\/uploads\/2020\/02\/P2012950.jpg?resize=1024%2C768&amp;ssl=1 1024w, https:\/\/i0.wp.com\/shopcanarias.es\/wp-content\/uploads\/2020\/02\/P2012950.jpg?resize=350%2C263&amp;ssl=1 350w, https:\/\/i0.wp.com\/shopcanarias.es\/wp-content\/uploads\/2020\/02\/P2012950.jpg?resize=300%2C225&amp;ssl=1 300w, https:\/\/i0.wp.com\/shopcanarias.es\/wp-content\/uploads\/2020\/02\/P2012950.jpg?resize=768%2C576&amp;ssl=1 768w, https:\/\/i0.wp.com\/shopcanarias.es\/wp-content\/uploads\/2020\/02\/P2012950.jpg?resize=1536%2C1152&amp;ssl=1 1536w, https:\/\/i0.wp.com\/shopcanarias.es\/wp-content\/uploads\/2020\/02\/P2012950.jpg?w=1600&amp;ssl=1 1600w\" \/><figcaption>Foto aufgenommen von ShopCanarias.es. Silhouette der Insel La Palma von Teneriffa aus gesehen<\/figcaption><\/figure>\n<p>F\u00fcr weitere Informationen \u00fcber das Wetter, das Sie gerade auf den Kanarischen Inseln tun, klicken Sie auf diesen Link und schweben \u00fcber einem Gebiet einer Insel zu wissen; Temperatur, Wind, Feuchtigkeit usw.;<\/p>\n\n<div class=\"wp-block-buttons is-layout-flex wp-block-buttons-is-layout-flex\">\n<div class=\"wp-block-button\"><a class=\"wp-block-button__link has-vivid-green-cyan-background-color has-background\" href=\"http:\/\/www.aemet.es\/es\/eltiempo\/observacion\/ultimosdatos?k=coo&amp;w=0\" target=\"_blank\" rel=\"noreferrer noopener\">ZEIT auf den Kanarischen Inseln HEUTE <\/a><\/div>\n<\/div>\n\n<p>Und um die Wettervorhersage auf den Kanarischen Inseln bei sechs Tagen zu kennen, klicken Sie auf den folgenden Link, und w\u00e4hlen Sie den gew\u00fcnschten Parameter in den blauen Selektoren links von der Karte aus.<\/p>\n\n<div class=\"wp-block-buttons is-layout-flex wp-block-buttons-is-layout-flex\">\n<div class=\"wp-block-button\"><a class=\"wp-block-button__link has-vivid-green-cyan-background-color has-background\" href=\"http:\/\/www.aemet.es\/es\/eltiempo\/prediccion\/espana?k=coo&amp;w=11\" target=\"_blank\" rel=\"noreferrer noopener\">PREDICTION DER ZEIT auf den Kanarischen Inseln <\/a><\/div>\n<\/div>\n\n<p><\/p>\n\n<p class=\"has-text-align-center has-medium-font-size\"><strong><em>Vielen Dank f\u00fcr den Besuch, und bis bald! <\/em><\/strong><\/p>\n<div class=\"gsp_post_data\" \r\n\t            data-post_type=\"post\" \r\n\t            data-cat=\"the-teide\" \r\n\t            data-modified=\"120\"\r\n\t            data-created=\"1596812047\"\r\n\t            data-title=\"Calima\" \r\n\t            data-home=\"https:\/\/shopcanarias.es\"><\/div>","protected":false},"excerpt":{"rendered":"<p>Dunst sind sehr kleine Partikel von schwebigem Staub, und auf den Kanarischen Inseln wird es manchmal ein- oder zweimal im Jahr (im Fr\u00fchjahr und\/oder Sommer) provoziert, aufgrund von Absadern und Tonen, die mit Winden aus Afrika im S\u00fcden und S\u00fcdosten kommen. Aber keine Sorge, es dauert nur ein paar Tage, oder verschwindet fr\u00fcher, wenn es &hellip; <\/p>\n<p class=\"link-more\"><a href=\"https:\/\/shopcanarias.es\/index.php\/de\/2020\/08\/07\/dunst\/\" class=\"more-link\">Continuar leyendo<span class=\"screen-reader-text\"> \u00abCalima\u00bb<\/span><\/a><\/p>\n","protected":false},"author":1,"featured_media":0,"comment_status":"open","ping_status":"open","sticky":false,"template":"","format":"standard","meta":{"_jetpack_memberships_contains_paid_content":false,"footnotes":""},"categories":[426],"tags":[427,429,430],"class_list":["post-2530","post","type-post","status-publish","format-standard","hentry","category-the-teide","tag-calima-de","tag-kanarische-inseln-de","tag-shopcanarias-es-de"],"yoast_head":"<!-- This site is optimized with the Yoast SEO plugin v27.5 - https:\/\/yoast.com\/product\/yoast-seo-wordpress\/ -->\n<title>Calima - ShopCanarias.es<\/title>\n<meta name=\"description\" content=\"Was ist Dunst (Calima). Wie es produziert wird. Wie lange es dauert. Fotos von Ansichten von El Teide, und die Insel La Palma von Teneriffa aus gesehen, in verschiedenen Phasen der dunst\" \/>\n<meta name=\"robots\" content=\"index, follow, max-snippet:-1, max-image-preview:large, max-video-preview:-1\" \/>\n<link rel=\"canonical\" href=\"https:\/\/shopcanarias.es\/index.php\/de\/2020\/08\/07\/dunst\/\" \/>\n<meta property=\"og:locale\" content=\"es_ES\" \/>\n<meta property=\"og:type\" content=\"article\" \/>\n<meta property=\"og:title\" content=\"Calima - ShopCanarias.es\" \/>\n<meta property=\"og:description\" content=\"Was ist Dunst (Calima). Wie es produziert wird. Wie lange es dauert. Fotos von Ansichten von El Teide, und die Insel La Palma von Teneriffa aus gesehen, in verschiedenen Phasen der dunst\" \/>\n<meta property=\"og:url\" content=\"https:\/\/shopcanarias.es\/index.php\/de\/2020\/08\/07\/dunst\/\" \/>\n<meta property=\"og:site_name\" content=\"ShopCanarias.es\" \/>\n<meta property=\"article:publisher\" content=\"https:\/\/www.facebook.com\/ShopCanariases-105415177519237\/?modal=admin_todo_tour\" \/>\n<meta property=\"article:published_time\" content=\"2020-08-07T13:54:07+00:00\" \/>\n<meta property=\"article:modified_time\" content=\"2020-09-07T06:56:48+00:00\" \/>\n<meta property=\"og:image\" content=\"https:\/\/shopcanarias.es\/wp-content\/uploads\/2020\/02\/P1312934-1024x768.jpg\" \/>\n<meta name=\"author\" content=\"admin\" \/>\n<meta name=\"twitter:card\" content=\"summary_large_image\" \/>\n<meta name=\"twitter:creator\" content=\"@shopcanarias\" \/>\n<meta name=\"twitter:site\" content=\"@shopcanarias\" \/>\n<meta name=\"twitter:label1\" content=\"Escrito por\" \/>\n\t<meta name=\"twitter:data1\" content=\"admin\" \/>\n\t<meta name=\"twitter:label2\" content=\"Tiempo de lectura\" \/>\n\t<meta name=\"twitter:data2\" content=\"1 minuto\" \/>\n<script type=\"application\/ld+json\" class=\"yoast-schema-graph\">{\"@context\":\"https:\\\/\\\/schema.org\",\"@graph\":[{\"@type\":\"Article\",\"@id\":\"https:\\\/\\\/shopcanarias.es\\\/index.php\\\/de\\\/2020\\\/08\\\/07\\\/dunst\\\/#article\",\"isPartOf\":{\"@id\":\"https:\\\/\\\/shopcanarias.es\\\/index.php\\\/de\\\/2020\\\/08\\\/07\\\/dunst\\\/\"},\"author\":{\"name\":\"admin\",\"@id\":\"https:\\\/\\\/shopcanarias.es\\\/#\\\/schema\\\/person\\\/2d994d622ec613f9d8448aa15d8959de\"},\"headline\":\"Calima\",\"datePublished\":\"2020-08-07T13:54:07+00:00\",\"dateModified\":\"2020-09-07T06:56:48+00:00\",\"mainEntityOfPage\":{\"@id\":\"https:\\\/\\\/shopcanarias.es\\\/index.php\\\/de\\\/2020\\\/08\\\/07\\\/dunst\\\/\"},\"wordCount\":291,\"commentCount\":0,\"publisher\":{\"@id\":\"https:\\\/\\\/shopcanarias.es\\\/#organization\"},\"image\":{\"@id\":\"https:\\\/\\\/shopcanarias.es\\\/index.php\\\/de\\\/2020\\\/08\\\/07\\\/dunst\\\/#primaryimage\"},\"thumbnailUrl\":\"https:\\\/\\\/shopcanarias.es\\\/wp-content\\\/uploads\\\/2020\\\/02\\\/P1312934-1024x768.jpg\",\"keywords\":[\"Calima\",\"Kanarische Inseln\",\"ShopCanarias.es\"],\"articleSection\":[\"The Teide\"],\"inLanguage\":\"es\",\"potentialAction\":[{\"@type\":\"CommentAction\",\"name\":\"Comment\",\"target\":[\"https:\\\/\\\/shopcanarias.es\\\/index.php\\\/de\\\/2020\\\/08\\\/07\\\/dunst\\\/#respond\"]}]},{\"@type\":\"WebPage\",\"@id\":\"https:\\\/\\\/shopcanarias.es\\\/index.php\\\/de\\\/2020\\\/08\\\/07\\\/dunst\\\/\",\"url\":\"https:\\\/\\\/shopcanarias.es\\\/index.php\\\/de\\\/2020\\\/08\\\/07\\\/dunst\\\/\",\"name\":\"Calima - ShopCanarias.es\",\"isPartOf\":{\"@id\":\"https:\\\/\\\/shopcanarias.es\\\/#website\"},\"primaryImageOfPage\":{\"@id\":\"https:\\\/\\\/shopcanarias.es\\\/index.php\\\/de\\\/2020\\\/08\\\/07\\\/dunst\\\/#primaryimage\"},\"image\":{\"@id\":\"https:\\\/\\\/shopcanarias.es\\\/index.php\\\/de\\\/2020\\\/08\\\/07\\\/dunst\\\/#primaryimage\"},\"thumbnailUrl\":\"https:\\\/\\\/shopcanarias.es\\\/wp-content\\\/uploads\\\/2020\\\/02\\\/P1312934-1024x768.jpg\",\"datePublished\":\"2020-08-07T13:54:07+00:00\",\"dateModified\":\"2020-09-07T06:56:48+00:00\",\"description\":\"Was ist Dunst (Calima). Wie es produziert wird. Wie lange es dauert. Fotos von Ansichten von El Teide, und die Insel La Palma von Teneriffa aus gesehen, in verschiedenen Phasen der dunst\",\"breadcrumb\":{\"@id\":\"https:\\\/\\\/shopcanarias.es\\\/index.php\\\/de\\\/2020\\\/08\\\/07\\\/dunst\\\/#breadcrumb\"},\"inLanguage\":\"es\",\"potentialAction\":[{\"@type\":\"ReadAction\",\"target\":[\"https:\\\/\\\/shopcanarias.es\\\/index.php\\\/de\\\/2020\\\/08\\\/07\\\/dunst\\\/\"]}]},{\"@type\":\"ImageObject\",\"inLanguage\":\"es\",\"@id\":\"https:\\\/\\\/shopcanarias.es\\\/index.php\\\/de\\\/2020\\\/08\\\/07\\\/dunst\\\/#primaryimage\",\"url\":\"https:\\\/\\\/i0.wp.com\\\/shopcanarias.es\\\/wp-content\\\/uploads\\\/2020\\\/02\\\/P1312934.jpg?fit=2048%2C1536&ssl=1\",\"contentUrl\":\"https:\\\/\\\/i0.wp.com\\\/shopcanarias.es\\\/wp-content\\\/uploads\\\/2020\\\/02\\\/P1312934.jpg?fit=2048%2C1536&ssl=1\",\"width\":2048,\"height\":1536,\"caption\":\"Foto sacada por ShopCanarias.es\"},{\"@type\":\"BreadcrumbList\",\"@id\":\"https:\\\/\\\/shopcanarias.es\\\/index.php\\\/de\\\/2020\\\/08\\\/07\\\/dunst\\\/#breadcrumb\",\"itemListElement\":[{\"@type\":\"ListItem\",\"position\":1,\"name\":\"Home\",\"item\":\"https:\\\/\\\/shopcanarias.es\\\/\"},{\"@type\":\"ListItem\",\"position\":2,\"name\":\"Calima\"}]},{\"@type\":\"WebSite\",\"@id\":\"https:\\\/\\\/shopcanarias.es\\\/#website\",\"url\":\"https:\\\/\\\/shopcanarias.es\\\/\",\"name\":\"ShopCanarias.es\",\"description\":\"Tienda online de productos y servicios de las Islas Canarias\",\"publisher\":{\"@id\":\"https:\\\/\\\/shopcanarias.es\\\/#organization\"},\"potentialAction\":[{\"@type\":\"SearchAction\",\"target\":{\"@type\":\"EntryPoint\",\"urlTemplate\":\"https:\\\/\\\/shopcanarias.es\\\/?s={search_term_string}\"},\"query-input\":{\"@type\":\"PropertyValueSpecification\",\"valueRequired\":true,\"valueName\":\"search_term_string\"}}],\"inLanguage\":\"es\"},{\"@type\":\"Organization\",\"@id\":\"https:\\\/\\\/shopcanarias.es\\\/#organization\",\"name\":\"Marketplace Canarias SL\",\"url\":\"https:\\\/\\\/shopcanarias.es\\\/\",\"logo\":{\"@type\":\"ImageObject\",\"inLanguage\":\"es\",\"@id\":\"https:\\\/\\\/shopcanarias.es\\\/#\\\/schema\\\/logo\\\/image\\\/\",\"url\":\"https:\\\/\\\/i0.wp.com\\\/shopcanarias.es\\\/wp-content\\\/uploads\\\/2020\\\/04\\\/Logotipo_Ajustado_Color_300-ppp-scaled.jpg?fit=2560%2C467&ssl=1\",\"contentUrl\":\"https:\\\/\\\/i0.wp.com\\\/shopcanarias.es\\\/wp-content\\\/uploads\\\/2020\\\/04\\\/Logotipo_Ajustado_Color_300-ppp-scaled.jpg?fit=2560%2C467&ssl=1\",\"width\":2560,\"height\":467,\"caption\":\"Marketplace Canarias SL\"},\"image\":{\"@id\":\"https:\\\/\\\/shopcanarias.es\\\/#\\\/schema\\\/logo\\\/image\\\/\"},\"sameAs\":[\"https:\\\/\\\/www.facebook.com\\\/ShopCanariases-105415177519237\\\/?modal=admin_todo_tour\",\"https:\\\/\\\/x.com\\\/shopcanarias\",\"https:\\\/\\\/www.instagram.com\\\/shopcanarias\\\/?hl=es\",\"https:\\\/\\\/www.pinterest.es\\\/pin\\\/611222980666854387\\\/\",\"https:\\\/\\\/www.youtube.com\\\/channel\\\/UCqPIEQS9SBuvJrMWJV8YxuA\"]},{\"@type\":\"Person\",\"@id\":\"https:\\\/\\\/shopcanarias.es\\\/#\\\/schema\\\/person\\\/2d994d622ec613f9d8448aa15d8959de\",\"name\":\"admin\",\"image\":{\"@type\":\"ImageObject\",\"inLanguage\":\"es\",\"@id\":\"https:\\\/\\\/secure.gravatar.com\\\/avatar\\\/7a1d1f4454a73b71f210b2bfccf22fccfb4832688447624a4f7b1cea8ff002fc?s=96&r=g\",\"url\":\"https:\\\/\\\/secure.gravatar.com\\\/avatar\\\/7a1d1f4454a73b71f210b2bfccf22fccfb4832688447624a4f7b1cea8ff002fc?s=96&r=g\",\"contentUrl\":\"https:\\\/\\\/secure.gravatar.com\\\/avatar\\\/7a1d1f4454a73b71f210b2bfccf22fccfb4832688447624a4f7b1cea8ff002fc?s=96&r=g\",\"caption\":\"admin\"},\"url\":\"https:\\\/\\\/shopcanarias.es\\\/index.php\\\/author\\\/admin\\\/\"}]}<\/script>\n<!-- \/ Yoast SEO plugin. -->","yoast_head_json":{"title":"Calima - ShopCanarias.es","description":"Was ist Dunst (Calima). Wie es produziert wird. Wie lange es dauert. Fotos von Ansichten von El Teide, und die Insel La Palma von Teneriffa aus gesehen, in verschiedenen Phasen der dunst","robots":{"index":"index","follow":"follow","max-snippet":"max-snippet:-1","max-image-preview":"max-image-preview:large","max-video-preview":"max-video-preview:-1"},"canonical":"https:\/\/shopcanarias.es\/index.php\/de\/2020\/08\/07\/dunst\/","og_locale":"es_ES","og_type":"article","og_title":"Calima - ShopCanarias.es","og_description":"Was ist Dunst (Calima). Wie es produziert wird. Wie lange es dauert. Fotos von Ansichten von El Teide, und die Insel La Palma von Teneriffa aus gesehen, in verschiedenen Phasen der dunst","og_url":"https:\/\/shopcanarias.es\/index.php\/de\/2020\/08\/07\/dunst\/","og_site_name":"ShopCanarias.es","article_publisher":"https:\/\/www.facebook.com\/ShopCanariases-105415177519237\/?modal=admin_todo_tour","article_published_time":"2020-08-07T13:54:07+00:00","article_modified_time":"2020-09-07T06:56:48+00:00","og_image":[{"url":"https:\/\/shopcanarias.es\/wp-content\/uploads\/2020\/02\/P1312934-1024x768.jpg","type":"","width":"","height":""}],"author":"admin","twitter_card":"summary_large_image","twitter_creator":"@shopcanarias","twitter_site":"@shopcanarias","twitter_misc":{"Escrito por":"admin","Tiempo de lectura":"1 minuto"},"schema":{"@context":"https:\/\/schema.org","@graph":[{"@type":"Article","@id":"https:\/\/shopcanarias.es\/index.php\/de\/2020\/08\/07\/dunst\/#article","isPartOf":{"@id":"https:\/\/shopcanarias.es\/index.php\/de\/2020\/08\/07\/dunst\/"},"author":{"name":"admin","@id":"https:\/\/shopcanarias.es\/#\/schema\/person\/2d994d622ec613f9d8448aa15d8959de"},"headline":"Calima","datePublished":"2020-08-07T13:54:07+00:00","dateModified":"2020-09-07T06:56:48+00:00","mainEntityOfPage":{"@id":"https:\/\/shopcanarias.es\/index.php\/de\/2020\/08\/07\/dunst\/"},"wordCount":291,"commentCount":0,"publisher":{"@id":"https:\/\/shopcanarias.es\/#organization"},"image":{"@id":"https:\/\/shopcanarias.es\/index.php\/de\/2020\/08\/07\/dunst\/#primaryimage"},"thumbnailUrl":"https:\/\/shopcanarias.es\/wp-content\/uploads\/2020\/02\/P1312934-1024x768.jpg","keywords":["Calima","Kanarische Inseln","ShopCanarias.es"],"articleSection":["The Teide"],"inLanguage":"es","potentialAction":[{"@type":"CommentAction","name":"Comment","target":["https:\/\/shopcanarias.es\/index.php\/de\/2020\/08\/07\/dunst\/#respond"]}]},{"@type":"WebPage","@id":"https:\/\/shopcanarias.es\/index.php\/de\/2020\/08\/07\/dunst\/","url":"https:\/\/shopcanarias.es\/index.php\/de\/2020\/08\/07\/dunst\/","name":"Calima - ShopCanarias.es","isPartOf":{"@id":"https:\/\/shopcanarias.es\/#website"},"primaryImageOfPage":{"@id":"https:\/\/shopcanarias.es\/index.php\/de\/2020\/08\/07\/dunst\/#primaryimage"},"image":{"@id":"https:\/\/shopcanarias.es\/index.php\/de\/2020\/08\/07\/dunst\/#primaryimage"},"thumbnailUrl":"https:\/\/shopcanarias.es\/wp-content\/uploads\/2020\/02\/P1312934-1024x768.jpg","datePublished":"2020-08-07T13:54:07+00:00","dateModified":"2020-09-07T06:56:48+00:00","description":"Was ist Dunst (Calima). Wie es produziert wird. Wie lange es dauert. Fotos von Ansichten von El Teide, und die Insel La Palma von Teneriffa aus gesehen, in verschiedenen Phasen der dunst","breadcrumb":{"@id":"https:\/\/shopcanarias.es\/index.php\/de\/2020\/08\/07\/dunst\/#breadcrumb"},"inLanguage":"es","potentialAction":[{"@type":"ReadAction","target":["https:\/\/shopcanarias.es\/index.php\/de\/2020\/08\/07\/dunst\/"]}]},{"@type":"ImageObject","inLanguage":"es","@id":"https:\/\/shopcanarias.es\/index.php\/de\/2020\/08\/07\/dunst\/#primaryimage","url":"https:\/\/i0.wp.com\/shopcanarias.es\/wp-content\/uploads\/2020\/02\/P1312934.jpg?fit=2048%2C1536&ssl=1","contentUrl":"https:\/\/i0.wp.com\/shopcanarias.es\/wp-content\/uploads\/2020\/02\/P1312934.jpg?fit=2048%2C1536&ssl=1","width":2048,"height":1536,"caption":"Foto sacada por ShopCanarias.es"},{"@type":"BreadcrumbList","@id":"https:\/\/shopcanarias.es\/index.php\/de\/2020\/08\/07\/dunst\/#breadcrumb","itemListElement":[{"@type":"ListItem","position":1,"name":"Home","item":"https:\/\/shopcanarias.es\/"},{"@type":"ListItem","position":2,"name":"Calima"}]},{"@type":"WebSite","@id":"https:\/\/shopcanarias.es\/#website","url":"https:\/\/shopcanarias.es\/","name":"ShopCanarias.es","description":"Tienda online de productos y servicios de las Islas Canarias","publisher":{"@id":"https:\/\/shopcanarias.es\/#organization"},"potentialAction":[{"@type":"SearchAction","target":{"@type":"EntryPoint","urlTemplate":"https:\/\/shopcanarias.es\/?s={search_term_string}"},"query-input":{"@type":"PropertyValueSpecification","valueRequired":true,"valueName":"search_term_string"}}],"inLanguage":"es"},{"@type":"Organization","@id":"https:\/\/shopcanarias.es\/#organization","name":"Marketplace Canarias SL","url":"https:\/\/shopcanarias.es\/","logo":{"@type":"ImageObject","inLanguage":"es","@id":"https:\/\/shopcanarias.es\/#\/schema\/logo\/image\/","url":"https:\/\/i0.wp.com\/shopcanarias.es\/wp-content\/uploads\/2020\/04\/Logotipo_Ajustado_Color_300-ppp-scaled.jpg?fit=2560%2C467&ssl=1","contentUrl":"https:\/\/i0.wp.com\/shopcanarias.es\/wp-content\/uploads\/2020\/04\/Logotipo_Ajustado_Color_300-ppp-scaled.jpg?fit=2560%2C467&ssl=1","width":2560,"height":467,"caption":"Marketplace Canarias SL"},"image":{"@id":"https:\/\/shopcanarias.es\/#\/schema\/logo\/image\/"},"sameAs":["https:\/\/www.facebook.com\/ShopCanariases-105415177519237\/?modal=admin_todo_tour","https:\/\/x.com\/shopcanarias","https:\/\/www.instagram.com\/shopcanarias\/?hl=es","https:\/\/www.pinterest.es\/pin\/611222980666854387\/","https:\/\/www.youtube.com\/channel\/UCqPIEQS9SBuvJrMWJV8YxuA"]},{"@type":"Person","@id":"https:\/\/shopcanarias.es\/#\/schema\/person\/2d994d622ec613f9d8448aa15d8959de","name":"admin","image":{"@type":"ImageObject","inLanguage":"es","@id":"https:\/\/secure.gravatar.com\/avatar\/7a1d1f4454a73b71f210b2bfccf22fccfb4832688447624a4f7b1cea8ff002fc?s=96&r=g","url":"https:\/\/secure.gravatar.com\/avatar\/7a1d1f4454a73b71f210b2bfccf22fccfb4832688447624a4f7b1cea8ff002fc?s=96&r=g","contentUrl":"https:\/\/secure.gravatar.com\/avatar\/7a1d1f4454a73b71f210b2bfccf22fccfb4832688447624a4f7b1cea8ff002fc?s=96&r=g","caption":"admin"},"url":"https:\/\/shopcanarias.es\/index.php\/author\/admin\/"}]}},"jetpack_featured_media_url":"","jetpack_sharing_enabled":true,"_links":{"self":[{"href":"https:\/\/shopcanarias.es\/index.php\/wp-json\/wp\/v2\/posts\/2530","targetHints":{"allow":["GET"]}}],"collection":[{"href":"https:\/\/shopcanarias.es\/index.php\/wp-json\/wp\/v2\/posts"}],"about":[{"href":"https:\/\/shopcanarias.es\/index.php\/wp-json\/wp\/v2\/types\/post"}],"author":[{"embeddable":true,"href":"https:\/\/shopcanarias.es\/index.php\/wp-json\/wp\/v2\/users\/1"}],"replies":[{"embeddable":true,"href":"https:\/\/shopcanarias.es\/index.php\/wp-json\/wp\/v2\/comments?post=2530"}],"version-history":[{"count":0,"href":"https:\/\/shopcanarias.es\/index.php\/wp-json\/wp\/v2\/posts\/2530\/revisions"}],"wp:attachment":[{"href":"https:\/\/shopcanarias.es\/index.php\/wp-json\/wp\/v2\/media?parent=2530"}],"wp:term":[{"taxonomy":"category","embeddable":true,"href":"https:\/\/shopcanarias.es\/index.php\/wp-json\/wp\/v2\/categories?post=2530"},{"taxonomy":"post_tag","embeddable":true,"href":"https:\/\/shopcanarias.es\/index.php\/wp-json\/wp\/v2\/tags?post=2530"}],"curies":[{"name":"wp","href":"https:\/\/api.w.org\/{rel}","templated":true}]}}